{"id":1332,"date":"2021-02-25T00:33:28","date_gmt":"2021-02-25T00:33:28","guid":{"rendered":"http:\/\/lavereda.com.mx\/?p=1332"},"modified":"2021-02-25T00:33:30","modified_gmt":"2021-02-25T00:33:30","slug":"exposicion-itinerante-de-banderas-historicas-llegara-a-la-laguna","status":"publish","type":"post","link":"https:\/\/lavereda.com.mx\/index.php\/2021\/02\/25\/exposicion-itinerante-de-banderas-historicas-llegara-a-la-laguna\/","title":{"rendered":"Exposici\u00f3n itinerante de banderas hist\u00f3ricas llegar\u00e1 a La Laguna"},"content":{"rendered":"\n<ul class=\"wp-block-list\"><li><strong>Organizada por la Secretar\u00eda de Cultura y el INAH, fue inaugurada este 24 de febrero en Iguala, Guerrero.<\/strong><\/li><li><strong>Llegar\u00e1 al&nbsp;Museo Regional de La Laguna, en Torre\u00f3n, Coahuila, del 12 al 17 de julio.<\/strong><\/li><\/ul>\n\n\n\n<p>La  Guerra de Independencia, entre 1810 y 1821, cre\u00f3 un conjunto de s\u00edmbolos de identidad como estandartes, banderas y otros elementos que portaron insurgentes y realistas para distinguirse al entrar en combate. A 200 a\u00f1os de la consumaci\u00f3n de aquel suceso, este 2021, \u201cA\u00f1o de la Grandeza y la Independencia de M\u00e9xico\u201d, algunas de las banderas que usaron los insurgentes en la gesta heroica ser\u00e1n mostradas en una exposici\u00f3n itinerante.<\/p>\n\n\n\n<p>Como parte de las 15 conmemoraciones emblem\u00e1ticas que el Gobierno de M\u00e9xico ha programado para este a\u00f1o, la Secretar\u00eda de Cultura, a trav\u00e9s del Instituto Nacional de Antropolog\u00eda e Historia (INAH), inaugur\u00f3 hoy la muestra&nbsp;<em>200 a\u00f1os de la promulgaci\u00f3n del Plan de Iguala. D\u00eda de la Bandera<\/em>, en el Museo de la Bandera y Santuario de la Patria, en Iguala, Guerrero.<\/p>\n\n\n\n<p>Al respecto, la secretaria de Cultura, Alejandra Frausto Guerrero, refiri\u00f3 que el 24 de febrero de 1821 representa una fecha de alto relieve para las y los mexicanos, porque fue el d\u00eda que se proclam\u00f3 el documento fundacional de M\u00e9xico: el Plan de Iguala, con el lema de las Tres Garant\u00edas y el s\u00edmbolo perdurable de la bandera tricolor que hoy nos da identidad como pa\u00eds, y cuyo suceso a la postre dar\u00eda origen a la instauraci\u00f3n del D\u00eda de la Bandera, cada 24 de febrero, durante el gobierno del general L\u00e1zaro C\u00e1rdenas. <\/p>\n\n\n\n<p>Detall\u00f3 que la muestra itinerante brindar\u00e1 a los visitantes un recorrido profuso en informaci\u00f3n acerca del contexto hist\u00f3rico, la materialidad y el simbolismo de un conjunto de cinco banderas usadas en el movimiento insurgente, acervo perteneciente al Museo Nacional de Historia (MNH), Castillo de Chapultepec.<\/p>\n\n\n\n<p>Tanto en el punto inaugural de la exposici\u00f3n, en Iguala, como en Palacio Nacional, en la Ciudad de M\u00e9xico, que en septiembre pr\u00f3ximo ser\u00e1 su sede final, se podr\u00e1n conocer las banderas originales; sin embargo, por motivos de conservaci\u00f3n, en el resto de sus itinerancias por el interior de la Rep\u00fablica los elementos a exhibir ser\u00e1n reproducciones y apoyos gr\u00e1ficos.<\/p>\n\n\n\n<p>La exhibici\u00f3n, cuya curadur\u00eda estuvo a cargo de la Coordinaci\u00f3n Nacional de Museos y Exposiciones del INAH, inicia con la bandera de Ignacio Allende, confeccionada en 1810.&nbsp;<\/p>\n\n\n\n<p>La segunda insignia de la exposici\u00f3n es el estandarte&nbsp;<em>Viva Mar\u00eda Sant\u00edsima de Guadalupe<\/em>(<em>ca<\/em>. 1810 &#8211; 1811), usado por los insurgentes.&nbsp;<\/p>\n\n\n\n<p>Esta pieza fue uno de los primeros objetos que atesor\u00f3 el antiguo Museo Nacional, luego de ser adquirida para la apertura del recinto en marzo de 1825, durante el gobierno del presidente Guadalupe Victoria.<\/p>\n\n\n\n<p>El tercer elemento es la bandera&nbsp;<em>El Doliente de Hidalgo<\/em>&nbsp;(1812), dise\u00f1ada por el te\u00f3logo insurgente Jos\u00e9 Mar\u00eda Cos para rendir homenaje al cura Miguel Hidalgo en los meses posteriores a su ejecuci\u00f3n.<\/p>\n\n\n\n<p>La cuarta bandera de la exposici\u00f3n es la del&nbsp;<em>Regimiento de Infanter\u00eda de San Fernando<\/em>(1812 \u2013 1814), empleada por el ej\u00e9rcito de Jos\u00e9 Mar\u00eda Morelos y Pav\u00f3n.&nbsp;<\/p>\n\n\n\n<p>El \u00faltimo l\u00e1baro de la muestra corresponde a&nbsp;<em>la Infanter\u00eda Provisional de Puebla del Ej\u00e9rcito Trigarante<\/em>&nbsp;(1821), la cual data de la etapa final de la lucha independentista.<\/p>\n\n\n\n<p><strong>Ruta Hist\u00f3rica de las Banderas<\/strong><\/p>\n\n\n\n<p>Tras su inauguraci\u00f3n en Iguala, donde permanecer\u00e1 del 24 de febrero al 14 de marzo, el gabinete con las cinco banderas regresar\u00e1 al Museo Nacional de Historia. Posteriormente, siguiendo los protocolos para el cuidado de la salud y en funci\u00f3n de los sem\u00e1foros sanitarios, las itinerancias de los Gabinetes A y B \u2013ambos con la misma curadur\u00eda\u2013 ser\u00e1n las siguientes:<\/p>\n\n\n\n<p>El Gabinete A visitar\u00e1 Xalapa, Veracruz, del 1 al 15 de abril; el Museo Regional de Michoac\u00e1n, del 10 al 20 de mayo; el Museo Regional de Guadalajara, del 10 al 25 de junio; el Museo de Guadalupe, en Zacatecas, del 30 de junio al 5 de julio; el Museo Regional de La Laguna, en Torre\u00f3n, Coahuila, del 12 al 17 de julio; el Museo Regional de Nuevo Le\u00f3n, El Obispado, del 20 al 30 de julio; el Museo Fuerte de San Juan de Ul\u00faa, en Veracruz, del 10 al 20 de agosto; el Museo de las Culturas de Oaxaca, del 5 al 15 de septiembre, y el Centro Comunitario Ecatepec, Casa de Morelos, en Estado de M\u00e9xico, del 23 al 26 de septiembre.<\/p>\n\n\n\n<p>En tanto, el Gabinete B iniciar\u00e1 su recorrido en el Museo Regional de Guanajuato, Alh\u00f3ndiga de Granaditas, del 15 al 30 de marzo; el Palacio de la Cultura de Tlaxcala, del 16 de abril al 9 de mayo; el Museo de la Fotograf\u00eda, Fototeca Nacional, en Hidalgo, del 25 de mayo al 5 de junio; el Museo Regional de Aguascalientes, del 24 al 29 de junio; Chihuahua, del 6 al 11 de julio; el Museo de la Cultura Huasteca, en Tamaulipas, del 1 al 5 de agosto; el Museo Regional de Quer\u00e9taro, del 25 de agosto al 3 de septiembre, y el Museo Regional de Puebla, del 16 al 22 de septiembre.<\/p>\n","protected":false},"excerpt":{"rendered":"<p>Organizada por la Secretar\u00eda de Cultura y el INAH, fue inaugurada este 24 de febrero en Iguala, Guerrero. Llegar\u00e1 al&nbsp;Museo Regional de La Laguna, en Torre\u00f3n, Coahuila, del 12 al &hellip; <a href=\"https:\/\/lavereda.com.mx\/index.php\/2021\/02\/25\/exposicion-itinerante-de-banderas-historicas-llegara-a-la-laguna\/\" class=\"more-link\">Leer m\u00e1s<\/a><\/p>\n","protected":false},"author":1,"featured_media":1333,"comment_status":"open","ping_status":"open","sticky":false,"template":"","format":"standard","meta":{"footnotes":""},"categories":[3,18],"tags":[],"class_list":["post-1332","post","type-post","status-publish","format-standard","has-post-thumbnail","hentry","category-artes-visuales","category-lomasrelevante","entry"],"_links":{"self":[{"href":"https:\/\/lavereda.com.mx\/index.php\/wp-json\/wp\/v2\/posts\/1332","targetHints":{"allow":["GET"]}}],"collection":[{"href":"https:\/\/lavereda.com.mx\/index.php\/wp-json\/wp\/v2\/posts"}],"about":[{"href":"https:\/\/lavereda.com.mx\/index.php\/wp-json\/wp\/v2\/types\/post"}],"author":[{"embeddable":true,"href":"https:\/\/lavereda.com.mx\/index.php\/wp-json\/wp\/v2\/users\/1"}],"replies":[{"embeddable":true,"href":"https:\/\/lavereda.com.mx\/index.php\/wp-json\/wp\/v2\/comments?post=1332"}],"version-history":[{"count":1,"href":"https:\/\/lavereda.com.mx\/index.php\/wp-json\/wp\/v2\/posts\/1332\/revisions"}],"predecessor-version":[{"id":1334,"href":"https:\/\/lavereda.com.mx\/index.php\/wp-json\/wp\/v2\/posts\/1332\/revisions\/1334"}],"wp:featuredmedia":[{"embeddable":true,"href":"https:\/\/lavereda.com.mx\/index.php\/wp-json\/wp\/v2\/media\/1333"}],"wp:attachment":[{"href":"https:\/\/lavereda.com.mx\/index.php\/wp-json\/wp\/v2\/media?parent=1332"}],"wp:term":[{"taxonomy":"category","embeddable":true,"href":"https:\/\/lavereda.com.mx\/index.php\/wp-json\/wp\/v2\/categories?post=1332"},{"taxonomy":"post_tag","embeddable":true,"href":"https:\/\/lavereda.com.mx\/index.php\/wp-json\/wp\/v2\/tags?post=1332"}],"curies":[{"name":"wp","href":"https:\/\/api.w.org\/{rel}","templated":true}]}}