{"id":1328,"date":"2021-02-24T00:21:09","date_gmt":"2021-02-24T00:21:09","guid":{"rendered":"http:\/\/lavereda.com.mx\/?p=1328"},"modified":"2021-02-24T00:22:00","modified_gmt":"2021-02-24T00:22:00","slug":"escuela-de-danza-contemporanea-se-presenta-en-el-garibay","status":"publish","type":"post","link":"https:\/\/lavereda.com.mx\/index.php\/2021\/02\/24\/escuela-de-danza-contemporanea-se-presenta-en-el-garibay\/","title":{"rendered":"Escuela de danza contempor\u00e1nea se presenta en el Garibay"},"content":{"rendered":"\n<p>La&nbsp;Escuela Municipal de Danza Contempor\u00e1nea de Torre\u00f3n, se presentar\u00e1 el viernes 26 de febrero a las 8:00 de la noche en el Teatro Alfonso Garibay, invitada por el Teatro Isauro Mart\u00ednez. La funci\u00f3n ser\u00e1 transmitida en vivo y de manera virtual en la p\u00e1gina de Facebook Live del mismo TIM.&nbsp;<\/p>\n\n\n\n<p>El director de la escuela, Jaime Hinojosa, inform\u00f3 que se limita el acceso al p\u00fablico a un m\u00e1ximo de sesenta personas, mantienendo todas las medidas de seguridad sanitarias, dictadas por la Secretar\u00eda de Salud.<\/p>\n\n\n\n<p>El programa que se presenta, emana del Concurso Interno de Coreograf\u00eda<strong>&nbsp;\u201cIntramuros para extramuros\u201d,&nbsp;<\/strong>de la ESDACONT. Queda estructurado con danzas facturadas por los alumnos de 3\u00b0 y 4\u00b0 a\u00f1o<strong><em>&nbsp;<\/em><\/strong>que cursan la licenciatura, su objetivo:&nbsp;&nbsp;acercarlos a la experiencia creativa profesional, a dimensionar el contacto de su obra con el espectador y sobretodo, con los retos y las implicaciones reales -no te\u00f3ricas-, que construyen una danza.<\/p>\n\n\n\n<p>El maestro Hinojosa destac\u00f3 que la apropiaci\u00f3n de las t\u00e9cnicas danc\u00edsticas y su traspolaci\u00f3n a la experiencia art\u00edstica, creativa y senesible porpone, en estas dos generaciones, el re-conocimiento del humanismo\u00a0\u00a0le\u00eddo desde la incertidumbre de los tiempos y muestra as\u00ed, no solo core\u00f3grafos jovenes y en ciernes, sino tambi\u00e9n otras narrativas y nuevas est\u00e9ticas.\u00a0<\/p>\n","protected":false},"excerpt":{"rendered":"<p>La&nbsp;Escuela Municipal de Danza Contempor\u00e1nea de Torre\u00f3n, se presentar\u00e1 el viernes 26 de febrero a las 8:00 de la noche en el Teatro Alfonso Garibay, invitada por el Teatro Isauro &hellip; <a href=\"https:\/\/lavereda.com.mx\/index.php\/2021\/02\/24\/escuela-de-danza-contemporanea-se-presenta-en-el-garibay\/\" class=\"more-link\">Leer m\u00e1s<\/a><\/p>\n","protected":false},"author":1,"featured_media":1329,"comment_status":"open","ping_status":"open","sticky":false,"template":"","format":"standard","meta":{"footnotes":""},"categories":[11,2],"tags":[],"class_list":["post-1328","post","type-post","status-publish","format-standard","has-post-thumbnail","hentry","category-agenda","category-artes-escenicas","entry"],"_links":{"self":[{"href":"https:\/\/lavereda.com.mx\/index.php\/wp-json\/wp\/v2\/posts\/1328","targetHints":{"allow":["GET"]}}],"collection":[{"href":"https:\/\/lavereda.com.mx\/index.php\/wp-json\/wp\/v2\/posts"}],"about":[{"href":"https:\/\/lavereda.com.mx\/index.php\/wp-json\/wp\/v2\/types\/post"}],"author":[{"embeddable":true,"href":"https:\/\/lavereda.com.mx\/index.php\/wp-json\/wp\/v2\/users\/1"}],"replies":[{"embeddable":true,"href":"https:\/\/lavereda.com.mx\/index.php\/wp-json\/wp\/v2\/comments?post=1328"}],"version-history":[{"count":2,"href":"https:\/\/lavereda.com.mx\/index.php\/wp-json\/wp\/v2\/posts\/1328\/revisions"}],"predecessor-version":[{"id":1331,"href":"https:\/\/lavereda.com.mx\/index.php\/wp-json\/wp\/v2\/posts\/1328\/revisions\/1331"}],"wp:featuredmedia":[{"embeddable":true,"href":"https:\/\/lavereda.com.mx\/index.php\/wp-json\/wp\/v2\/media\/1329"}],"wp:attachment":[{"href":"https:\/\/lavereda.com.mx\/index.php\/wp-json\/wp\/v2\/media?parent=1328"}],"wp:term":[{"taxonomy":"category","embeddable":true,"href":"https:\/\/lavereda.com.mx\/index.php\/wp-json\/wp\/v2\/categories?post=1328"},{"taxonomy":"post_tag","embeddable":true,"href":"https:\/\/lavereda.com.mx\/index.php\/wp-json\/wp\/v2\/tags?post=1328"}],"curies":[{"name":"wp","href":"https:\/\/api.w.org\/{rel}","templated":true}]}}