{"id":1324,"date":"2021-02-23T02:20:35","date_gmt":"2021-02-23T02:20:35","guid":{"rendered":"http:\/\/lavereda.com.mx\/?p=1324"},"modified":"2021-02-23T02:20:37","modified_gmt":"2021-02-23T02:20:37","slug":"posponen-la-bienal-de-novela-vargas-llosa-a-septiembre","status":"publish","type":"post","link":"https:\/\/lavereda.com.mx\/index.php\/2021\/02\/23\/posponen-la-bienal-de-novela-vargas-llosa-a-septiembre\/","title":{"rendered":"Posponen la Bienal de Novela Vargas Llosa a septiembre"},"content":{"rendered":"\n<ul class=\"wp-block-list\"><li><em>El encuentro literario se realizar\u00e1 del 23 al 26 de septiembre en Guadalajara, M\u00e9xico, y no en mayo como estaba previsto<\/em>.<\/li><\/ul>\n\n\n\n<p>La C\u00e1tedra Vargas Llosa y la Fundaci\u00f3n Universidad de Guadalajara, con el apoyo de la Feria Internacional del Libro de Guadalajara, anuncian la postergaci\u00f3n de la IV Bienal de Novela Mario Vargas Llosa, que debido a la compleja situaci\u00f3n de la pandemia de Covid-19, se efectuar\u00e1 del 23 al 26 de septiembre del presente a\u00f1o en la ciudad de Guadalajara, Jalisco.<\/p>\n\n\n\n<p>Bajo el lema \u00abLa literatura, \u00faltimo refugio de la libertad\u00bb, la IV edici\u00f3n de la Bienal de Novela estaba originalmente prevista para mayo, y su aplazamiento se debe \u00abal empeoramiento de la compleja situaci\u00f3n sanitaria global, con rebrotes de coronavirus en Am\u00e9rica Latina, Europa y el resto del mundo. Para la organizaci\u00f3n, la seguridad y el bienestar de los participantes son la m\u00e1xima prioridad\u00bb, inform\u00f3 la FIL en un comunicado.<\/p>\n\n\n\n<p>Con esta decisi\u00f3n, se espera poder realizar la edici\u00f3n m\u00e1s ambiciosa de la Bienal de manera presencial, en condiciones de relativa normalidad, con el concurso de escritores, editoriales y p\u00fablico reunidos en lo que ser\u00e1 una gran celebraci\u00f3n del libro y la lectura.<\/p>\n\n\n\n<p>A lo largo de sus distintas ediciones, la Bienal se ha consolidado como un evento de referencia de las letras hispanoamericanas. Durante su desarrollo se falla y anuncia el Premio Novela Bienal Vargas Llosa, que reconoce a la mejor novela publicada en espa\u00f1ol durante los \u00faltimos dos a\u00f1os. Para esta edici\u00f3n se ha recibido 412 postulaciones, provenientes de todos los pa\u00edses de habla hispana.<\/p>\n\n\n\n<p>Despu\u00e9s de dos ediciones en Lima, Per\u00fa, en 2018, la C\u00e1tedra Vargas Llosa y la Fundaci\u00f3n Universidad de Guadalajara firmaron un convenio para que la Bienal tuviera como sede, en sus siguientes tres ediciones (2019, 2021 y 2023), la ciudad de \u00bfGuadalajara, M\u00e9xico, con el apoyo de la FIL Guadalajara en la organizaci\u00f3n. <\/p>\n","protected":false},"excerpt":{"rendered":"<p>El encuentro literario se realizar\u00e1 del 23 al 26 de septiembre en Guadalajara, M\u00e9xico, y no en mayo como estaba previsto. La C\u00e1tedra Vargas Llosa y la Fundaci\u00f3n Universidad de &hellip; <a href=\"https:\/\/lavereda.com.mx\/index.php\/2021\/02\/23\/posponen-la-bienal-de-novela-vargas-llosa-a-septiembre\/\" class=\"more-link\">Leer m\u00e1s<\/a><\/p>\n","protected":false},"author":1,"featured_media":1325,"comment_status":"open","ping_status":"open","sticky":false,"template":"","format":"standard","meta":{"footnotes":""},"categories":[5,18],"tags":[],"class_list":["post-1324","post","type-post","status-publish","format-standard","has-post-thumbnail","hentry","category-letras-y-libros","category-lomasrelevante","entry"],"_links":{"self":[{"href":"https:\/\/lavereda.com.mx\/index.php\/wp-json\/wp\/v2\/posts\/1324","targetHints":{"allow":["GET"]}}],"collection":[{"href":"https:\/\/lavereda.com.mx\/index.php\/wp-json\/wp\/v2\/posts"}],"about":[{"href":"https:\/\/lavereda.com.mx\/index.php\/wp-json\/wp\/v2\/types\/post"}],"author":[{"embeddable":true,"href":"https:\/\/lavereda.com.mx\/index.php\/wp-json\/wp\/v2\/users\/1"}],"replies":[{"embeddable":true,"href":"https:\/\/lavereda.com.mx\/index.php\/wp-json\/wp\/v2\/comments?post=1324"}],"version-history":[{"count":1,"href":"https:\/\/lavereda.com.mx\/index.php\/wp-json\/wp\/v2\/posts\/1324\/revisions"}],"predecessor-version":[{"id":1326,"href":"https:\/\/lavereda.com.mx\/index.php\/wp-json\/wp\/v2\/posts\/1324\/revisions\/1326"}],"wp:featuredmedia":[{"embeddable":true,"href":"https:\/\/lavereda.com.mx\/index.php\/wp-json\/wp\/v2\/media\/1325"}],"wp:attachment":[{"href":"https:\/\/lavereda.com.mx\/index.php\/wp-json\/wp\/v2\/media?parent=1324"}],"wp:term":[{"taxonomy":"category","embeddable":true,"href":"https:\/\/lavereda.com.mx\/index.php\/wp-json\/wp\/v2\/categories?post=1324"},{"taxonomy":"post_tag","embeddable":true,"href":"https:\/\/lavereda.com.mx\/index.php\/wp-json\/wp\/v2\/tags?post=1324"}],"curies":[{"name":"wp","href":"https:\/\/api.w.org\/{rel}","templated":true}]}}