{"id":1317,"date":"2021-02-20T15:45:24","date_gmt":"2021-02-20T15:45:24","guid":{"rendered":"http:\/\/lavereda.com.mx\/?p=1317"},"modified":"2021-02-20T15:48:07","modified_gmt":"2021-02-20T15:48:07","slug":"mexico-celebra-el-dia-internacional-de-la-lengua-materna","status":"publish","type":"post","link":"https:\/\/lavereda.com.mx\/index.php\/2021\/02\/20\/mexico-celebra-el-dia-internacional-de-la-lengua-materna\/","title":{"rendered":"M\u00e9xico celebra el D\u00eda Internacional de la Lengua Materna"},"content":{"rendered":"\n<ul class=\"wp-block-list\"><li><strong><em>M\u00e9xico es un pa\u00eds multiling\u00fce, donde se hablan 68 lenguas originarias, coloc\u00e1ndolo como uno de los pa\u00edses con mayor diversidad ling\u00fc\u00edstica.<\/em><\/strong><\/li><\/ul>\n\n\n\n<p>Para conmemorar el D\u00eda Internacional de la Lengua Materna (21 de febrero), proclamado por la Organizaci\u00f3n de las Naciones Unidas para la Educaci\u00f3n, Ciencia y la Cultura (UNESCO), la Secretar\u00eda de Cultura realiza diversas actividades en l\u00ednea, como parte de la campa\u00f1a \u201cContigo en la distancia\u201d.&nbsp;<\/p>\n\n\n\n<p>El 20 de febrero, se realiza la presentaci\u00f3n virtual de la mesa de di\u00e1logo \u201cNo somos flores secas: los \u00faltimos guardianes de la palabra\u201d, en la que participan hablantes de las lenguas ind\u00edgenas nacionales, ser\u00e1 transmitido en l\u00ednea a trav\u00e9s del Facebook Live y YouTube del Instituto Nacional de Lenguas Ind\u00edgenas&nbsp;( INALI).&nbsp;<\/p>\n\n\n\n<p>El 21 de febrero se presenta la convocatoria de c\u00f3mic, historieta y novela gr\u00e1fica, como parte de una estrategia de la Secretar\u00eda de Cultura de fomento a la lectura biling\u00fce espa\u00f1ol-lenguas ind\u00edgenas, para que no haya ni un hablante menos, ni una lengua menos.&nbsp;<\/p>\n\n\n\n<p>La Direcci\u00f3n General de Culturas Populares Ind\u00edgenas y Urbanas, de la Secretar\u00eda de Cultura, lanzar\u00e1 el primer n\u00famero, dedicado a la lengua mixe zoque, de la serie de Cartograf\u00edas de Familias Ling\u00fc\u00edsticas, en las que se agrupan las 68 lenguas ind\u00edgenas de M\u00e9xico. Estos ejemplares, que al final del a\u00f1o ser\u00e1n 11 en total, se dar\u00e1n a conocer cada d\u00eda 21 del mes en&nbsp;<a href=\"https:\/\/culturaspopulareseindigenas.gob.mx\/\" target=\"_blank\" rel=\"noreferrer noopener\">https:\/\/culturaspopulareseindigenas.gob.mx\/<\/a>&nbsp;y constituyen un material que ayudar\u00e1 a conocer y profundizar sobre la importancia del fortalecimiento de las lenguas ind\u00edgenas.&nbsp;<\/p>\n\n\n\n<p>Adem\u00e1s, en las redes sociales @CulturasPopularesOficial en Facebook y @dgcpopulares en Twitter se promover\u00e1n videos en los que hablantes de distintos idiomas mexicanos expresar\u00e1n qu\u00e9 significa para ellos comunicarse en su lengua, asociando el concepto a la familia, territorio, alimento, lucha, comunidad y memoria; as\u00ed como c\u00e1psulas de video, poetas ind\u00edgenas realizar\u00e1n lecturas de su obra y hablantes de las lenguas mayo y yaqui de Ciudad Obreg\u00f3n reflexionar\u00e1n sobre iniciativas colectivas y familiares para conservar y revitalizar la lengua en sus comunidades.&nbsp;<\/p>\n\n\n\n<p>A su vez, el Instituto Mexicano de Cinematograf\u00eda llevar\u00e1 a cabo la&nbsp;Segunda Muestra de Cine en Lenguas Ind\u00edgenas,&nbsp;estar\u00e1 disponible de&nbsp;manera gratuita&nbsp;del&nbsp;21 al 27 de febrero&nbsp;en la plataforma de&nbsp;<em>streaming<\/em>&nbsp;del&nbsp;Imcine, FilminLatino, con 35 filmes, algunos de ellos se podr\u00e1n disfrutar en directo, otros estar\u00e1n disponibles toda la semana.&nbsp;&nbsp;<\/p>\n\n\n\n<p>El Instituto Nacional de Bellas Artes y Literatura llevar\u00e1 a cabo, el 21 de febrero a las 12 horas, la transmisi\u00f3n de poemas en n\u00e1huatl y espa\u00f1ol, con la participaci\u00f3n de poetas hablantes de lenguas originarias. El 26 de febrero a las 17 horas se realiza, en el marco del ciclo Las diversas ra\u00edces, la lectura de obra de la escritora chiapaneca Petrona de la Cruz.&nbsp;<\/p>\n\n\n\n<p>Asimismo la Loter\u00eda Nacional y la Secretar\u00eda de Cultura del Gobierno de M\u00e9xico, a trav\u00e9s del Instituto Nacional de Lenguas Ind\u00edgenas (INALI), llevaron a cabo, en formato virtual, la develaci\u00f3n del billete del Sorteo Mayor n\u00famero 3793, que lleva en su imagen una ejemplificaci\u00f3n alusiva a este d\u00eda.<\/p>\n\n\n\n<p><strong>Ni un hablante menos, ni una lengua menos&nbsp;<\/strong><\/p>\n\n\n\n<p>M\u00e9xico es un pa\u00eds multiling\u00fce, se hablan 68 lenguas originarias, coloc\u00e1ndolo como uno de los pa\u00edses con mayor diversidad ling\u00fc\u00edstica en el mundo.&nbsp;&nbsp;<\/p>\n\n\n\n<p>Como ha expresado la secretaria de Cultura, Alejandra Frausto Guerrero, se trabaja para que no exista ni un hablante menos, porque no hay lenguas sin pueblo. \u201cSi somos una potencia cultural es gracias a la diversidad cultural, en representaci\u00f3n del pueblo\u201d. <\/p>\n","protected":false},"excerpt":{"rendered":"<p>M\u00e9xico es un pa\u00eds multiling\u00fce, donde se hablan 68 lenguas originarias, coloc\u00e1ndolo como uno de los pa\u00edses con mayor diversidad ling\u00fc\u00edstica. Para conmemorar el D\u00eda Internacional de la Lengua Materna &hellip; <a href=\"https:\/\/lavereda.com.mx\/index.php\/2021\/02\/20\/mexico-celebra-el-dia-internacional-de-la-lengua-materna\/\" class=\"more-link\">Leer m\u00e1s<\/a><\/p>\n","protected":false},"author":1,"featured_media":1318,"comment_status":"open","ping_status":"open","sticky":false,"template":"","format":"standard","meta":{"footnotes":""},"categories":[18,8],"tags":[],"class_list":["post-1317","post","type-post","status-publish","format-standard","has-post-thumbnail","hentry","category-lomasrelevante","category-sociedad","entry"],"_links":{"self":[{"href":"https:\/\/lavereda.com.mx\/index.php\/wp-json\/wp\/v2\/posts\/1317","targetHints":{"allow":["GET"]}}],"collection":[{"href":"https:\/\/lavereda.com.mx\/index.php\/wp-json\/wp\/v2\/posts"}],"about":[{"href":"https:\/\/lavereda.com.mx\/index.php\/wp-json\/wp\/v2\/types\/post"}],"author":[{"embeddable":true,"href":"https:\/\/lavereda.com.mx\/index.php\/wp-json\/wp\/v2\/users\/1"}],"replies":[{"embeddable":true,"href":"https:\/\/lavereda.com.mx\/index.php\/wp-json\/wp\/v2\/comments?post=1317"}],"version-history":[{"count":2,"href":"https:\/\/lavereda.com.mx\/index.php\/wp-json\/wp\/v2\/posts\/1317\/revisions"}],"predecessor-version":[{"id":1320,"href":"https:\/\/lavereda.com.mx\/index.php\/wp-json\/wp\/v2\/posts\/1317\/revisions\/1320"}],"wp:featuredmedia":[{"embeddable":true,"href":"https:\/\/lavereda.com.mx\/index.php\/wp-json\/wp\/v2\/media\/1318"}],"wp:attachment":[{"href":"https:\/\/lavereda.com.mx\/index.php\/wp-json\/wp\/v2\/media?parent=1317"}],"wp:term":[{"taxonomy":"category","embeddable":true,"href":"https:\/\/lavereda.com.mx\/index.php\/wp-json\/wp\/v2\/categories?post=1317"},{"taxonomy":"post_tag","embeddable":true,"href":"https:\/\/lavereda.com.mx\/index.php\/wp-json\/wp\/v2\/tags?post=1317"}],"curies":[{"name":"wp","href":"https:\/\/api.w.org\/{rel}","templated":true}]}}