{"id":1292,"date":"2021-02-12T17:48:23","date_gmt":"2021-02-12T17:48:23","guid":{"rendered":"http:\/\/lavereda.com.mx\/?p=1292"},"modified":"2021-02-13T16:35:32","modified_gmt":"2021-02-13T16:35:32","slug":"que-hemos-aprendido-las-mujeres-en-pandemia","status":"publish","type":"post","link":"https:\/\/lavereda.com.mx\/index.php\/2021\/02\/12\/que-hemos-aprendido-las-mujeres-en-pandemia\/","title":{"rendered":"\u00bfQu\u00e9 hemos aprendido las mujeres en pandemia?"},"content":{"rendered":"\n<p>Hace un par de meses el Museo de la Mujer en M\u00e9xico organiz\u00f3 unas charlas en el marco del D\u00eda de la No Violencia a la Mujer. En una de ellas, una especialista afirm\u00f3: est\u00e1 demostrado hist\u00f3ricamente en todas las crisis, que el impacto es diferente en las mujeres que en los hombres. Y es mayor cuando las mujeres tienen hijos menores.<\/p>\n\n\n\n<p>\u00bfQu\u00e9 quiere decir esto? Que las decisiones que se toman afuera: de nuestra casa, de nuestro trabajo, de nuestra ciudad, desde el sistema social no est\u00e1n pensadas en las mujeres: aquellas que a cuesta llevan la doble jornada, el estr\u00e9s del cuidado de los hijos y de otros familiares, la atenci\u00f3n a las personas enfermas, la organizaci\u00f3n de una vida, que de pronto, se volvi\u00f3 m\u00e1s ca\u00f3tica.<\/p>\n\n\n\n<p>No s\u00e9 cu\u00e1ntos padres de familia ya llevan a sus hijos a la escuela o colegio. En Coahuila, a algunos colegios con una poblaci\u00f3n menor se les permiti\u00f3 abrir en sistema h\u00edbrido o semi presencial. Esto fue un alivio para muchas madres y padres trabajadores, porque muchas instancias del servicio p\u00fablico o privado, no permitieron a sus empleados realizar home office.<\/p>\n\n\n\n<p>Esta fue mi experiencia: Durante la mayor parte de la pandemia cont\u00e9 con el apoyo de mi mam\u00e1 en el cuidado de mi hijo menor en edad escolar. (S\u00ed, las madres, siempre se solidarizan, como las abuelas, las t\u00edas). Esto fue posible porque ella, que es empleada en una instituci\u00f3n federal, desde el inicio fue enviada a trabajar en casa.&nbsp;<\/p>\n\n\n\n<p>Esto no quiere decir que ella tuviera tiempo libre. Trabajaba y cuidaba a mi hijo al mismo tiempo, en ocasiones tenia que salir. As\u00ed que, cuando el sem\u00e1foro estuvo en naranja y casi en amarillo el a\u00f1o pasado, mi esposo y yo decidimos llevar al ni\u00f1o a la escuela algunos d\u00edas a la semana. Esto solo dur\u00f3 un par de semanas porque el noviembre el rebrote fue muy dr\u00e1stico.<\/p>\n\n\n\n<p>As\u00ed transcurri\u00f3 la mayor parte del a\u00f1o hasta que este mes de febrero tomamos la decisi\u00f3n de enviarlo de nuevo a clases presenciales. \u00bfPor qu\u00e9? Los horarios de mi mam\u00e1 se complicaron pero, sobre todo, era evidente que mi hijo necesitaba regresar a esa din\u00e1mica, con todas las medidas de seguridad.<\/p>\n\n\n\n<p>Pero \u00bfqu\u00e9 ocurri\u00f3? La pandemia, a pesar de la organizaci\u00f3n en casa y el encierro, nos trajo un momento de calma en cuanto a la movilidad, el horario y el estr\u00e9s cotidiano.&nbsp;&nbsp;Nos permiti\u00f3 almorzar, comer y cenar en casa la mayor\u00eda de los d\u00edas, nos dio tardes en el jard\u00edn, visitas a los exteriores en fin de semana, vueltas en bicicleta, caminatas, corridas, bailes, juegos de mesa.<\/p>\n\n\n\n<blockquote class=\"wp-block-quote is-layout-flow wp-block-quote-is-layout-flow\"><p>Esta relativa calma se detuvo cuando decidimos regresar a la escuela: entonces volvieron los horarios complicados, la organizaci\u00f3n de las comidas desde una noche anterior, el tr\u00e1fico y las distancias de nuestros centros de trabajo a la escuela. Mayor gasto de gasolina, vuelta a las tareas y todo lo que la actividad laboral y escolar conllevan. Desde ese d\u00eda, como mam\u00e1 y profesionista vivo m\u00e1s estresada, aunque por otro lado tranquila de saber que me hijo ha retomado poco a poco su vida anterior.<\/p><\/blockquote>\n\n\n\n<p>Mi reflexi\u00f3n: no hay un tiempo presente en el que las madres vivamos sin estr\u00e9s. Afuera, el sistema social y econ\u00f3mico no nos favorece, nos lleva a vivir de prisa, muchas veces al l\u00edmite y esto tambi\u00e9n incluye a los hombres, en especial a los padres responsables.<\/p>\n\n\n\n<p>\u00bfQu\u00e9 hemos aprendido? Que en pandemia o sin ella, necesitamos m\u00e1s redes de apoyo: social o psicol\u00f3gico. Necesitamos un sistema que nos voltee a ver m\u00e1s seguido, que no s\u00f3lo se preocupe por el \u201corden\u201d econ\u00f3mico. \u00bfO no habr\u00e1 siempre una mujer resolvi\u00e9ndolo todo de nuevo?<\/p>\n\n\n\n<p><em>Twitter: @Lavargasadri.&nbsp;<\/em><\/p>\n\n\n\n<p>Foto: <a href=\"https:\/\/www.freepik.es\/fotos\/mujer\">Foto de Mujer creado por freepik &#8211; www.freepik.es<\/a><\/p>\n","protected":false},"excerpt":{"rendered":"<p>Hace un par de meses el Museo de la Mujer en M\u00e9xico organiz\u00f3 unas charlas en el marco del D\u00eda de la No Violencia a la Mujer. En una de &hellip; <a href=\"https:\/\/lavereda.com.mx\/index.php\/2021\/02\/12\/que-hemos-aprendido-las-mujeres-en-pandemia\/\" class=\"more-link\">Leer m\u00e1s<\/a><\/p>\n","protected":false},"author":9,"featured_media":1293,"comment_status":"open","ping_status":"open","sticky":false,"template":"","format":"standard","meta":{"footnotes":""},"categories":[18,9],"tags":[],"class_list":["post-1292","post","type-post","status-publish","format-standard","has-post-thumbnail","hentry","category-lomasrelevante","category-opinion","entry"],"_links":{"self":[{"href":"https:\/\/lavereda.com.mx\/index.php\/wp-json\/wp\/v2\/posts\/1292","targetHints":{"allow":["GET"]}}],"collection":[{"href":"https:\/\/lavereda.com.mx\/index.php\/wp-json\/wp\/v2\/posts"}],"about":[{"href":"https:\/\/lavereda.com.mx\/index.php\/wp-json\/wp\/v2\/types\/post"}],"author":[{"embeddable":true,"href":"https:\/\/lavereda.com.mx\/index.php\/wp-json\/wp\/v2\/users\/9"}],"replies":[{"embeddable":true,"href":"https:\/\/lavereda.com.mx\/index.php\/wp-json\/wp\/v2\/comments?post=1292"}],"version-history":[{"count":2,"href":"https:\/\/lavereda.com.mx\/index.php\/wp-json\/wp\/v2\/posts\/1292\/revisions"}],"predecessor-version":[{"id":1298,"href":"https:\/\/lavereda.com.mx\/index.php\/wp-json\/wp\/v2\/posts\/1292\/revisions\/1298"}],"wp:featuredmedia":[{"embeddable":true,"href":"https:\/\/lavereda.com.mx\/index.php\/wp-json\/wp\/v2\/media\/1293"}],"wp:attachment":[{"href":"https:\/\/lavereda.com.mx\/index.php\/wp-json\/wp\/v2\/media?parent=1292"}],"wp:term":[{"taxonomy":"category","embeddable":true,"href":"https:\/\/lavereda.com.mx\/index.php\/wp-json\/wp\/v2\/categories?post=1292"},{"taxonomy":"post_tag","embeddable":true,"href":"https:\/\/lavereda.com.mx\/index.php\/wp-json\/wp\/v2\/tags?post=1292"}],"curies":[{"name":"wp","href":"https:\/\/api.w.org\/{rel}","templated":true}]}}