{"id":1285,"date":"2021-02-11T19:05:36","date_gmt":"2021-02-11T19:05:36","guid":{"rendered":"http:\/\/lavereda.com.mx\/?p=1285"},"modified":"2021-02-11T19:05:38","modified_gmt":"2021-02-11T19:05:38","slug":"el-artista-gustavo-montes-inaugura-obra-en-la-casa-del-cerro","status":"publish","type":"post","link":"https:\/\/lavereda.com.mx\/index.php\/2021\/02\/11\/el-artista-gustavo-montes-inaugura-obra-en-la-casa-del-cerro\/","title":{"rendered":"El artista Gustavo Montes inaugura obra en la Casa del Cerro"},"content":{"rendered":"\n<p>Gustavo Montes es un artista visual de m\u00e1s de 30 a\u00f1os de trayectoria, admirador del paisaje lagunero y de su materia. Su obra es un de un expresionismo, dif\u00edcil de olvidar. Adem\u00e1s es maestro de arquitectura y defensor de nuestro patrimonio.<\/p>\n\n\n\n<p>Hoy jueves se inaugura su exposici\u00f3n \u201cRevaloraci\u00f3n del Desecho\u201d en la pinacoteca del Museo Hist\u00f3rico de la Ciudad Casa del Cerro. La apertura de esta exhibici\u00f3n se da en el marco del 27 aniversario del Museo y se llevar\u00e1 a cabo en punto de las 19:00 horas, con transmisi\u00f3n en vivo desde la p\u00e1gina de Facebook del recinto.<\/p>\n\n\n\n<p>\u201cRevaloraci\u00f3n del desecho\u201d, es un recorrido a trav\u00e9s de 30 obras, en las que los asistentes podr\u00e1n apreciar los diferentes momentos y materiales que una vez fueron dejados en el olvido, pero ahora, vueltos a rescatar, entran en un proceso de resignificaci\u00f3n de lo que las obras pueden transformarse estando en las manos del artista.<\/p>\n\n\n\n<p>Gustavo Montes, arquitecto por la Universidad aut\u00f3noma de Coahuila, ha expuesto de manera individual y colectiva en la regi\u00f3n as\u00ed como en M\u00e9xico, Cuba, Estados Unidos y Francia desde 1988, Ganador de la primera Bienal Paso del Norte 1996, Reconocimiento Ra\u00fal Esparza del Ayuntamiento de Torre\u00f3n por su trayectoria art\u00edstica en 2002, medalla Miguel Ramos Arizpe al m\u00e9rito acad\u00e9mico por la UAdeC en 2012. Desde 1985 ha tomado diferentes seminarios y cursos en diversas disciplinas art\u00edstica, becario del FONCA por su trayectoria art\u00edstica de 1997 a 1998, ha ilustrado libros y revistas y actualmente es Miembro del Seminario de Cultura Mexicana, corresponsal\u00eda G\u00f3mez Palacio desde el 2015.<\/p>\n\n\n\n<p>El Museo, as\u00ed como sus diferentes espacios como la Pinacoteca y la Galer\u00eda de Arte Contempor\u00e1neo, actualmente tienen un horario abierto al p\u00fablico, de lunes a viernes de 10:00 am a 3:00 pm.<\/p>\n","protected":false},"excerpt":{"rendered":"<p>Gustavo Montes es un artista visual de m\u00e1s de 30 a\u00f1os de trayectoria, admirador del paisaje lagunero y de su materia. Su obra es un de un expresionismo, dif\u00edcil de &hellip; <a href=\"https:\/\/lavereda.com.mx\/index.php\/2021\/02\/11\/el-artista-gustavo-montes-inaugura-obra-en-la-casa-del-cerro\/\" class=\"more-link\">Leer m\u00e1s<\/a><\/p>\n","protected":false},"author":9,"featured_media":1286,"comment_status":"open","ping_status":"open","sticky":false,"template":"","format":"standard","meta":{"footnotes":""},"categories":[3],"tags":[],"class_list":["post-1285","post","type-post","status-publish","format-standard","has-post-thumbnail","hentry","category-artes-visuales","entry"],"_links":{"self":[{"href":"https:\/\/lavereda.com.mx\/index.php\/wp-json\/wp\/v2\/posts\/1285","targetHints":{"allow":["GET"]}}],"collection":[{"href":"https:\/\/lavereda.com.mx\/index.php\/wp-json\/wp\/v2\/posts"}],"about":[{"href":"https:\/\/lavereda.com.mx\/index.php\/wp-json\/wp\/v2\/types\/post"}],"author":[{"embeddable":true,"href":"https:\/\/lavereda.com.mx\/index.php\/wp-json\/wp\/v2\/users\/9"}],"replies":[{"embeddable":true,"href":"https:\/\/lavereda.com.mx\/index.php\/wp-json\/wp\/v2\/comments?post=1285"}],"version-history":[{"count":1,"href":"https:\/\/lavereda.com.mx\/index.php\/wp-json\/wp\/v2\/posts\/1285\/revisions"}],"predecessor-version":[{"id":1287,"href":"https:\/\/lavereda.com.mx\/index.php\/wp-json\/wp\/v2\/posts\/1285\/revisions\/1287"}],"wp:featuredmedia":[{"embeddable":true,"href":"https:\/\/lavereda.com.mx\/index.php\/wp-json\/wp\/v2\/media\/1286"}],"wp:attachment":[{"href":"https:\/\/lavereda.com.mx\/index.php\/wp-json\/wp\/v2\/media?parent=1285"}],"wp:term":[{"taxonomy":"category","embeddable":true,"href":"https:\/\/lavereda.com.mx\/index.php\/wp-json\/wp\/v2\/categories?post=1285"},{"taxonomy":"post_tag","embeddable":true,"href":"https:\/\/lavereda.com.mx\/index.php\/wp-json\/wp\/v2\/tags?post=1285"}],"curies":[{"name":"wp","href":"https:\/\/api.w.org\/{rel}","templated":true}]}}