{"id":1279,"date":"2021-02-10T17:27:14","date_gmt":"2021-02-10T17:27:14","guid":{"rendered":"http:\/\/lavereda.com.mx\/?p=1279"},"modified":"2021-02-10T17:27:16","modified_gmt":"2021-02-10T17:27:16","slug":"inicia-camerata-nueva-serie-de-conciertos-virtuales","status":"publish","type":"post","link":"https:\/\/lavereda.com.mx\/index.php\/2021\/02\/10\/inicia-camerata-nueva-serie-de-conciertos-virtuales\/","title":{"rendered":"Inicia Camerata nueva serie  de conciertos virtuales"},"content":{"rendered":"\n<ul class=\"wp-block-list\"><li><em>Este viernes 12 de febrero a las 20:30 horas dar\u00e1 inicio la temporada primavera verano 2021, en vivo desde el Museo del Algod\u00f3n.<\/em><\/li><\/ul>\n\n\n\n<p>Por segunda ocasi\u00f3n en su historia la Camerata de Coahuila vuelve a los escenarios en formato virtual, derivado de la situaci\u00f3n que impera a nivel mundial por la propagaci\u00f3n del COVID- 19, situaci\u00f3n que ha restringido en su totalidad desde el mes de marzo desde el 2020, los conciertos presenciales en nuestra entidad.<\/p>\n\n\n\n<p>La orquesta inform\u00f3 en un comunicado que dar\u00e1 inicio su temporada primavera-verano 2021 titulada \u0308Luces, C\u00e1mara, Acci\u00f3n \u0308, una temporada conformada por conciertos de m\u00fasica de c\u00e1mara, adem\u00e1s de distintas producciones \u00abque permitir\u00e1n conocer de cerca a quienes conforman la orquesta, propuestas que nunca antes se hab\u00edan explorado\u00bb.<\/p>\n\n\n\n<p>\u00abPese a esta contingencia, la Camerata ha dado un paso a reinventarse como orquesta, concierto a concierto ha presentado de forma virtual una producci\u00f3n tecnol\u00f3gica e innovadora, con est\u00e1ndares de la m\u00e1s alta calidad al alcance de todo el p\u00fablico\u00bb.<\/p>\n\n\n\n<p>En esta temporada se continuar\u00e1 con la segunda serie de charlas de \u00f3pera a cargo del fundador y director art\u00edstico de la orquesta, Ram\u00f3n Shade, qui\u00e9n brindar\u00e1 un acercamiento general unas de las conjunciones m\u00e1s maravillosas que ha hecho el hombre en la historia: la \u00f3pera.<\/p>\n\n\n\n<p>En la b\u00fasqueda de lograr un acercamiento del p\u00fablico con integrantes de nuestra orquesta,\u00a0 presentar\u00e1n \u201cTercera llamada\u201d un formato de entrevistas en las que se\u00a0incluir\u00e1n an\u00e9cdotas, historias y primeros acercamientos a la m\u00fasica de quienes conforman la parte art\u00edstica de la orquesta.<\/p>\n\n\n\n<blockquote class=\"wp-block-quote is-layout-flow wp-block-quote-is-layout-flow\"><p>A trav\u00e9s de estos conciertos de m\u00fasica de c\u00e1mara, continuar\u00e1 labor de acercar la m\u00fasica a la comunidad, mientras se mantienen las medidas de distancia e higiene indicadas por la Secretar\u00eda de Salud del Estado, con el fin de garantizar la seguridad de la orquesta y a todos los que conforman la producci\u00f3n.<\/p><\/blockquote>\n\n\n\n<p>Los conciertos ser\u00e1n de un tiempo aproximado de 40 minutos, en un formato reducido de orquesta, los cuales se realizar\u00e1n de manera gratuita durante los meses de febrero, marzo, abril, mayo y junio, a trav\u00e9s de la p\u00e1gina de Facebook de la Camerata de Coahuila.<\/p>\n\n\n\n<p>Con el\u00a0\u201cQuinteto para clarinete en La Mayor K. 581\u201d de W. A. Mozart, dar\u00e1 inicio la temporada con la participaci\u00f3n de los maestros Juan Carre\u00f3n en el clarinete; en los violines Yoleti Riquetti y Maria Alekseeva; en la viola, Meng Wei Su y Fernando Morales en el cello.<\/p>\n\n\n\n<p>Los conciertos ser\u00e1n transmitidos de manera gratuita todos los viernes, a las 20:30 horas, a trav\u00e9s de la p\u00e1gina de Facebook oficial de la orquesta: CAMERATA DE COAHUILA.<\/p>\n","protected":false},"excerpt":{"rendered":"<p>Este viernes 12 de febrero a las 20:30 horas dar\u00e1 inicio la temporada primavera verano 2021, en vivo desde el Museo del Algod\u00f3n. Por segunda ocasi\u00f3n en su historia la &hellip; <a href=\"https:\/\/lavereda.com.mx\/index.php\/2021\/02\/10\/inicia-camerata-nueva-serie-de-conciertos-virtuales\/\" class=\"more-link\">Leer m\u00e1s<\/a><\/p>\n","protected":false},"author":1,"featured_media":1280,"comment_status":"open","ping_status":"open","sticky":false,"template":"","format":"standard","meta":{"footnotes":""},"categories":[18,4],"tags":[],"class_list":["post-1279","post","type-post","status-publish","format-standard","has-post-thumbnail","hentry","category-lomasrelevante","category-musica","entry"],"_links":{"self":[{"href":"https:\/\/lavereda.com.mx\/index.php\/wp-json\/wp\/v2\/posts\/1279","targetHints":{"allow":["GET"]}}],"collection":[{"href":"https:\/\/lavereda.com.mx\/index.php\/wp-json\/wp\/v2\/posts"}],"about":[{"href":"https:\/\/lavereda.com.mx\/index.php\/wp-json\/wp\/v2\/types\/post"}],"author":[{"embeddable":true,"href":"https:\/\/lavereda.com.mx\/index.php\/wp-json\/wp\/v2\/users\/1"}],"replies":[{"embeddable":true,"href":"https:\/\/lavereda.com.mx\/index.php\/wp-json\/wp\/v2\/comments?post=1279"}],"version-history":[{"count":1,"href":"https:\/\/lavereda.com.mx\/index.php\/wp-json\/wp\/v2\/posts\/1279\/revisions"}],"predecessor-version":[{"id":1281,"href":"https:\/\/lavereda.com.mx\/index.php\/wp-json\/wp\/v2\/posts\/1279\/revisions\/1281"}],"wp:featuredmedia":[{"embeddable":true,"href":"https:\/\/lavereda.com.mx\/index.php\/wp-json\/wp\/v2\/media\/1280"}],"wp:attachment":[{"href":"https:\/\/lavereda.com.mx\/index.php\/wp-json\/wp\/v2\/media?parent=1279"}],"wp:term":[{"taxonomy":"category","embeddable":true,"href":"https:\/\/lavereda.com.mx\/index.php\/wp-json\/wp\/v2\/categories?post=1279"},{"taxonomy":"post_tag","embeddable":true,"href":"https:\/\/lavereda.com.mx\/index.php\/wp-json\/wp\/v2\/tags?post=1279"}],"curies":[{"name":"wp","href":"https:\/\/api.w.org\/{rel}","templated":true}]}}