{"id":1276,"date":"2021-02-10T01:46:40","date_gmt":"2021-02-10T01:46:40","guid":{"rendered":"http:\/\/lavereda.com.mx\/?p=1276"},"modified":"2021-02-10T16:28:53","modified_gmt":"2021-02-10T16:28:53","slug":"estrenaran-el-concierto-virtual-amor-a-manzanero","status":"publish","type":"post","link":"https:\/\/lavereda.com.mx\/index.php\/2021\/02\/10\/estrenaran-el-concierto-virtual-amor-a-manzanero\/","title":{"rendered":"Estrenar\u00e1n el concierto virtual Amor a Manzanero"},"content":{"rendered":"\n<ul class=\"wp-block-list\"><li><em>La soprano Eugenia Garza estar\u00e1 acompa\u00f1ada de las voces de Carlos Avenda\u00f1o, Angelina Rojas y Erik Pico, en el piano.<\/em><\/li><\/ul>\n\n\n\n<p>Talentosos cantantes de \u00f3pera, encabezados por la soprano regiomontana Eugenia Garza, presentan el concierto virtual \u201cAmor a Manzanero\u201d con motivo del d\u00eda del amor y la amistad, este domingo 14 de febrero, a trav\u00e9s de las redes sociales del Municipio de Torre\u00f3n, del alcalde Jorge Zerme\u00f1o Infante, de la Direcci\u00f3n General de Cultura y&nbsp;&nbsp;de la frecuencia de Radio torre\u00f3n 96.3 FM<\/p>\n\n\n\n<p>La transmisi\u00f3n iniciar\u00e1 a las 19:00 horas, con la participaci\u00f3n tambi\u00e9n de la maestra Angelina Rojas, soprano y del tenor Carlos Avenda\u00f1o, adem\u00e1s del maestro Erik Pico en el piano.<\/p>\n\n\n\n<p>La Direcci\u00f3n de Cultura inform\u00f3 que la producci\u00f3n de este concierto se llev\u00f3 a cabo en el interior del Teatro Isauro Mart\u00ednez, inmejorable escenario para un homenaje de esta magnitud, dedicado a uno de los talentos mexicanos m\u00e1s grandes de los \u00faltimos a\u00f1os.<\/p>\n\n\n\n<p>Para este recital \u00edntimo, se presentar\u00e1 un programa que incluye&nbsp;&nbsp;algunos cl\u00e1sicos rom\u00e1nticos, como son: \u201cContigo aprend\u00ed\u201d, \u201cesta tarde vi llover\u201d, \u201csomos novios\u201d, \u201cdormir contigo\u201d, entre otras piezas rom\u00e1nticas de la autor\u00eda del Maestro Armando Manzanero que, al igual que su trayectoria, han trascendido generaciones.<\/p>\n\n\n\n<p>TRAYECTORIA<\/p>\n\n\n\n<p>La soprano Eugenia Garza Form\u00f3 parte del &nbsp;Young Artist Program &nbsp;de la Washington Opera en la generaci\u00f3n 2002-2004 de la que es graduada.<\/p>\n\n\n\n<p>Hizo su debut profesional con el papel &nbsp;de Mimi en la Boheme en el a\u00f1o 1998 bajo la batuta del Maestro Anton Guadagno.<\/p>\n\n\n\n<p>Ha sido invitada a cantar en Festivales europeos como el Schleswig-Holstein Musik &nbsp;Festival en Alemania, Il Verdi Festival del Parma Italia, donde se le otorg\u00f3 la medalla Verdi y el St Margarethen en Austria, donde realiz\u00f3 su debut europeo interpretando Li\u00fa en Turandot y posteriormente Aida.<\/p>\n\n\n\n<p>&nbsp;En nuestro pa\u00eds ha cantado con las principales orquestas sinf\u00f3nicas, incluida la Camerata de Coahuila, y recibido m\u00faltiples reconocimientos por su trayectoria.<\/p>\n","protected":false},"excerpt":{"rendered":"<p>La soprano Eugenia Garza estar\u00e1 acompa\u00f1ada de las voces de Carlos Avenda\u00f1o, Angelina Rojas y Erik Pico, en el piano. Talentosos cantantes de \u00f3pera, encabezados por la soprano regiomontana Eugenia &hellip; <a href=\"https:\/\/lavereda.com.mx\/index.php\/2021\/02\/10\/estrenaran-el-concierto-virtual-amor-a-manzanero\/\" class=\"more-link\">Leer m\u00e1s<\/a><\/p>\n","protected":false},"author":9,"featured_media":1277,"comment_status":"open","ping_status":"open","sticky":false,"template":"","format":"standard","meta":{"footnotes":""},"categories":[18,4],"tags":[],"class_list":["post-1276","post","type-post","status-publish","format-standard","has-post-thumbnail","hentry","category-lomasrelevante","category-musica","entry"],"_links":{"self":[{"href":"https:\/\/lavereda.com.mx\/index.php\/wp-json\/wp\/v2\/posts\/1276","targetHints":{"allow":["GET"]}}],"collection":[{"href":"https:\/\/lavereda.com.mx\/index.php\/wp-json\/wp\/v2\/posts"}],"about":[{"href":"https:\/\/lavereda.com.mx\/index.php\/wp-json\/wp\/v2\/types\/post"}],"author":[{"embeddable":true,"href":"https:\/\/lavereda.com.mx\/index.php\/wp-json\/wp\/v2\/users\/9"}],"replies":[{"embeddable":true,"href":"https:\/\/lavereda.com.mx\/index.php\/wp-json\/wp\/v2\/comments?post=1276"}],"version-history":[{"count":1,"href":"https:\/\/lavereda.com.mx\/index.php\/wp-json\/wp\/v2\/posts\/1276\/revisions"}],"predecessor-version":[{"id":1278,"href":"https:\/\/lavereda.com.mx\/index.php\/wp-json\/wp\/v2\/posts\/1276\/revisions\/1278"}],"wp:featuredmedia":[{"embeddable":true,"href":"https:\/\/lavereda.com.mx\/index.php\/wp-json\/wp\/v2\/media\/1277"}],"wp:attachment":[{"href":"https:\/\/lavereda.com.mx\/index.php\/wp-json\/wp\/v2\/media?parent=1276"}],"wp:term":[{"taxonomy":"category","embeddable":true,"href":"https:\/\/lavereda.com.mx\/index.php\/wp-json\/wp\/v2\/categories?post=1276"},{"taxonomy":"post_tag","embeddable":true,"href":"https:\/\/lavereda.com.mx\/index.php\/wp-json\/wp\/v2\/tags?post=1276"}],"curies":[{"name":"wp","href":"https:\/\/api.w.org\/{rel}","templated":true}]}}