{"id":1273,"date":"2021-02-09T15:42:20","date_gmt":"2021-02-09T15:42:20","guid":{"rendered":"http:\/\/lavereda.com.mx\/?p=1273"},"modified":"2021-02-09T15:42:39","modified_gmt":"2021-02-09T15:42:39","slug":"estudiantes-lanzan-video-en-homenaje-a-manzanero","status":"publish","type":"post","link":"https:\/\/lavereda.com.mx\/index.php\/2021\/02\/09\/estudiantes-lanzan-video-en-homenaje-a-manzanero\/","title":{"rendered":"Estudiantes lanzan video en homenaje a Manzanero"},"content":{"rendered":"\n<ul class=\"wp-block-list\"><li><em>Se contar\u00e1 con las voces de Brigitte Guzm\u00e1n, Alejandra Gonz\u00e1lez y Carlos Mart\u00ednez, m\u00e1s la guitarra de Marco Aurelio Guti\u00e9rrez Mares.<\/em><\/li><\/ul>\n\n\n\n<p>Como motivo del d\u00eda del amor y la amistad, este 14 de febrero, tres j\u00f3venes talentos de la Universidad Aut\u00f3noma de Coahuila, a trav\u00e9s del Departamento de Difusi\u00f3n Cultural (DDC) de la Coordinaci\u00f3n Unidad Torre\u00f3n, ofrecer\u00e1n un breve homenaje al reci\u00e9n fallecido compositor yucateco, Armando Manzanero.<\/p>\n\n\n\n<p>Por su reconocida y vasta obra en las letras de sus canciones, siempre rom\u00e1nticas y amorosas, Brigitte Guzm\u00e1n del Valle (Facultad de Medicina), Alejandra Gonz\u00e1lez de la Cruz (PVC), y Carlos Emiliano Mart\u00ednez Garc\u00eda (Facultad de Derecho), acompa\u00f1ados por el maestro Marco Aurelio Guti\u00e9rrez Mares, de amplio prestigio como guitarrista, han preparado un recital.<\/p>\n\n\n\n<p>El mismo, se proyectar\u00e1 en las redes sociales de la UAdeC a partir de la tarde del d\u00eda 13 de febrero, \u00aben una producci\u00f3n bastante bien lograda y realizada en el Teatro de C\u00e1mara de la Coordinaci\u00f3n Unidad Torre\u00f3n\u00bb.\u00a0<\/p>\n\n\n\n<p>\u00abLas tres voces son de un timbre, color y tesitura bien educadas, que atrapan al oyente; en tanto la calidad y virtuosismo de Marco Aurelio son de sobra conocidos\u00bb, comparti\u00f3 Juan Noe Fern\u00e1ndez, director de Difusi\u00f3n Cultural.\u00a0<\/p>\n\n\n\n<p>Armando Manzanero ha sido uno de los compositores mexicanos m\u00e1s celebrados a nivel mundial, que falleci\u00f3 el pasado 28 de diciembre. Su legado es importante, de hecho muchas de sus canciones se interpretan por artistas internacionales, y no se diga por el p\u00fablico en general.<\/p>\n","protected":false},"excerpt":{"rendered":"<p>Se contar\u00e1 con las voces de Brigitte Guzm\u00e1n, Alejandra Gonz\u00e1lez y Carlos Mart\u00ednez, m\u00e1s la guitarra de Marco Aurelio Guti\u00e9rrez Mares. Como motivo del d\u00eda del amor y la amistad, &hellip; <a href=\"https:\/\/lavereda.com.mx\/index.php\/2021\/02\/09\/estudiantes-lanzan-video-en-homenaje-a-manzanero\/\" class=\"more-link\">Leer m\u00e1s<\/a><\/p>\n","protected":false},"author":1,"featured_media":1274,"comment_status":"open","ping_status":"open","sticky":false,"template":"","format":"standard","meta":{"footnotes":""},"categories":[11],"tags":[],"class_list":["post-1273","post","type-post","status-publish","format-standard","has-post-thumbnail","hentry","category-agenda","entry"],"_links":{"self":[{"href":"https:\/\/lavereda.com.mx\/index.php\/wp-json\/wp\/v2\/posts\/1273","targetHints":{"allow":["GET"]}}],"collection":[{"href":"https:\/\/lavereda.com.mx\/index.php\/wp-json\/wp\/v2\/posts"}],"about":[{"href":"https:\/\/lavereda.com.mx\/index.php\/wp-json\/wp\/v2\/types\/post"}],"author":[{"embeddable":true,"href":"https:\/\/lavereda.com.mx\/index.php\/wp-json\/wp\/v2\/users\/1"}],"replies":[{"embeddable":true,"href":"https:\/\/lavereda.com.mx\/index.php\/wp-json\/wp\/v2\/comments?post=1273"}],"version-history":[{"count":1,"href":"https:\/\/lavereda.com.mx\/index.php\/wp-json\/wp\/v2\/posts\/1273\/revisions"}],"predecessor-version":[{"id":1275,"href":"https:\/\/lavereda.com.mx\/index.php\/wp-json\/wp\/v2\/posts\/1273\/revisions\/1275"}],"wp:featuredmedia":[{"embeddable":true,"href":"https:\/\/lavereda.com.mx\/index.php\/wp-json\/wp\/v2\/media\/1274"}],"wp:attachment":[{"href":"https:\/\/lavereda.com.mx\/index.php\/wp-json\/wp\/v2\/media?parent=1273"}],"wp:term":[{"taxonomy":"category","embeddable":true,"href":"https:\/\/lavereda.com.mx\/index.php\/wp-json\/wp\/v2\/categories?post=1273"},{"taxonomy":"post_tag","embeddable":true,"href":"https:\/\/lavereda.com.mx\/index.php\/wp-json\/wp\/v2\/tags?post=1273"}],"curies":[{"name":"wp","href":"https:\/\/api.w.org\/{rel}","templated":true}]}}