{"id":1267,"date":"2021-02-08T02:12:08","date_gmt":"2021-02-08T02:12:08","guid":{"rendered":"http:\/\/lavereda.com.mx\/?p=1267"},"modified":"2021-02-08T02:12:10","modified_gmt":"2021-02-08T02:12:10","slug":"la-feria-internacional-del-libro-de-coahuila-sera-en-septiembre","status":"publish","type":"post","link":"https:\/\/lavereda.com.mx\/index.php\/2021\/02\/08\/la-feria-internacional-del-libro-de-coahuila-sera-en-septiembre\/","title":{"rendered":"La Feria Internacional del Libro de Coahuila ser\u00e1 en septiembre"},"content":{"rendered":"\n<p>La pandemia del Coronavirus ocasion\u00f3 la suspensi\u00f3n de los m\u00e1s importantes acontecimientos culturales en el 2020. Sin embargo, para el segundo semestre de este a\u00f1o algunos s\u00ed podr\u00e1n realizarse con p\u00fablico.<\/p>\n\n\n\n<p>La Secretar\u00eda de Cultura coahuilense, a trav\u00e9s de su titular adelant\u00f3 que la Feria Internacional del Libro tiene nueva fecha para su realizaci\u00f3n y ser\u00eda en septiembre.<\/p>\n\n\n\n<p>En entrevista, la Secretaria de Cultura, Ana Sof\u00eda Garc\u00eda Camil, se\u00f1al\u00f3 que si bien la FILC estaba programada para principios de abril o finales de mayo debido a la contingencia sanitaria, se reunieron las dependencias organizadoras llegando a una nueva fecha.<\/p>\n\n\n\n<blockquote class=\"wp-block-quote is-layout-flow wp-block-quote-is-layout-flow\"><p>\u201cViendo la situaci\u00f3n de c\u00f3mo est\u00e1 la pandemia; creo que lo m\u00e1s responsable es no realizarla en abril. As\u00ed que platicando con la Caniem y la Secretar\u00eda de Educaci\u00f3n -los involucrados en la Feria del Libro-, ahora tenemos otra fecha\u201d, dijo, \u201cTenemos fecha tentativa, la idea es que podamos hacerlo del d\u00eda 16 al 23 o 24 de septiembre y ,como es puente, aprovecharlo para que m\u00e1s personas acudan\u201d.<\/p><\/blockquote>\n\n\n\n<p>Detall\u00f3 que se tiene previsto que la inauguraci\u00f3n sea el viernes 17 de septiembre con la presencia del gobernador Miguel \u00c1ngel Riquelme Sol\u00eds, y al hacerlo en este mes se podr\u00e1 realizar una mejor distribuci\u00f3n de todo este gran evento.<\/p>\n\n\n\n<p>Garc\u00eda Camil fue firme al expresar que no se puede exponer la salud de los invitados a la FILC ni la de los ciudadanos, por lo que la idea es hacerla cuando exista un mejor clima de salud, implementando adem\u00e1s todos los protocolos sanitarios que existan al momento de su realizaci\u00f3n.<\/p>\n\n\n\n<blockquote class=\"wp-block-quote is-layout-flow wp-block-quote-is-layout-flow\"><p>\u201cLa idea es poder seguir garantizando que tengamos nuestros grandes escritores nacionales e internacionales, adem\u00e1s del talento local\u201d, dijo.<\/p><\/blockquote>\n\n\n\n<p>Tambi\u00e9n se mencion\u00f3 que contin\u00faan Italia, como pa\u00eds invitado; Oaxaca, como estado invitado, y la Academia Mexicana de la Lengua hace lo propio como instituci\u00f3n invitada.<\/p>\n\n\n\n<p>Finalmente, la funcionaria estatal expres\u00f3 que se espera realizar la premiaci\u00f3n en vivo de los ganadores del Premio Internacional Manuel Acu\u00f1a de Poes\u00eda en Lengua Espa\u00f1ola y del Premio Nacional de Cuento Breve y Literatura Digital Julio Torri.<\/p>\n","protected":false},"excerpt":{"rendered":"<p>La pandemia del Coronavirus ocasion\u00f3 la suspensi\u00f3n de los m\u00e1s importantes acontecimientos culturales en el 2020. Sin embargo, para el segundo semestre de este a\u00f1o algunos s\u00ed podr\u00e1n realizarse con &hellip; <a href=\"https:\/\/lavereda.com.mx\/index.php\/2021\/02\/08\/la-feria-internacional-del-libro-de-coahuila-sera-en-septiembre\/\" class=\"more-link\">Leer m\u00e1s<\/a><\/p>\n","protected":false},"author":1,"featured_media":1268,"comment_status":"open","ping_status":"open","sticky":false,"template":"","format":"standard","meta":{"footnotes":""},"categories":[5,18],"tags":[],"class_list":["post-1267","post","type-post","status-publish","format-standard","has-post-thumbnail","hentry","category-letras-y-libros","category-lomasrelevante","entry"],"_links":{"self":[{"href":"https:\/\/lavereda.com.mx\/index.php\/wp-json\/wp\/v2\/posts\/1267","targetHints":{"allow":["GET"]}}],"collection":[{"href":"https:\/\/lavereda.com.mx\/index.php\/wp-json\/wp\/v2\/posts"}],"about":[{"href":"https:\/\/lavereda.com.mx\/index.php\/wp-json\/wp\/v2\/types\/post"}],"author":[{"embeddable":true,"href":"https:\/\/lavereda.com.mx\/index.php\/wp-json\/wp\/v2\/users\/1"}],"replies":[{"embeddable":true,"href":"https:\/\/lavereda.com.mx\/index.php\/wp-json\/wp\/v2\/comments?post=1267"}],"version-history":[{"count":1,"href":"https:\/\/lavereda.com.mx\/index.php\/wp-json\/wp\/v2\/posts\/1267\/revisions"}],"predecessor-version":[{"id":1269,"href":"https:\/\/lavereda.com.mx\/index.php\/wp-json\/wp\/v2\/posts\/1267\/revisions\/1269"}],"wp:featuredmedia":[{"embeddable":true,"href":"https:\/\/lavereda.com.mx\/index.php\/wp-json\/wp\/v2\/media\/1268"}],"wp:attachment":[{"href":"https:\/\/lavereda.com.mx\/index.php\/wp-json\/wp\/v2\/media?parent=1267"}],"wp:term":[{"taxonomy":"category","embeddable":true,"href":"https:\/\/lavereda.com.mx\/index.php\/wp-json\/wp\/v2\/categories?post=1267"},{"taxonomy":"post_tag","embeddable":true,"href":"https:\/\/lavereda.com.mx\/index.php\/wp-json\/wp\/v2\/tags?post=1267"}],"curies":[{"name":"wp","href":"https:\/\/api.w.org\/{rel}","templated":true}]}}