{"id":1257,"date":"2021-02-06T00:15:20","date_gmt":"2021-02-06T00:15:20","guid":{"rendered":"http:\/\/lavereda.com.mx\/?p=1257"},"modified":"2021-02-06T00:16:00","modified_gmt":"2021-02-06T00:16:00","slug":"invitan-a-crear-la-letra-y-musica-del-himno-de-la-facultad-de-jurisprudencia","status":"publish","type":"post","link":"https:\/\/lavereda.com.mx\/index.php\/2021\/02\/06\/invitan-a-crear-la-letra-y-musica-del-himno-de-la-facultad-de-jurisprudencia\/","title":{"rendered":"Invitan a crear la letra y m\u00fasica del \u201cHimno de la Facultad de Jurisprudencia \u00ab"},"content":{"rendered":"\n<ul class=\"wp-block-list\"><li><strong>El premio&nbsp;consta de 50 mil pesos y la presentaci\u00f3n oficial en la que el himno ganador ser\u00e1 interpretado por la Banda de m\u00fasica del estado de Coahuila<\/strong><\/li><\/ul>\n\n\n\n<p>Saltillo, Coahuila. Con la finalidad de apoyar las actividades por el 78 aniversario de la fundaci\u00f3n de la Facultad de Jurisprudencia en Saltillo, el Instituto de Cultura de Saltillo, la Secretar\u00eda de Cultura del estado y la propia Facultad, perteneciente a la Universidad Aut\u00f3noma de Coahuila (UA de C) presentaron en d\u00edas recientes la convocatoria del concurso para la creaci\u00f3n de la letra y m\u00fasica del \u201cHimno de la Facultad de Jurisprudencia de la Universidad Aut\u00f3noma de Coahuila\u201d.<\/p>\n\n\n\n<p>Estuvieron presentes durante el evento la Secretaria de Cultura, Ana Sof\u00eda Garc\u00eda Camil; el Director de Jurisprudencia de la UA de C, Alfonso Y\u00e1\u00f1ez Arreola; el Director del Instituto Municipal de Cultura, Iv\u00e1n M\u00e1rquez Morales; el Comisionado Maestro, Valeriano Vald\u00e9s Cabello y el presidente de la Facultad de Jurisprudencia UA de C, Antonio Castro, entre otros.<\/p>\n\n\n\n<p>El titular del Instituto de Cultura de Saltillo, Iv\u00e1n M\u00e1rquez Morales, coment\u00f3 que esta convocatoria dar\u00e1 la oportunidad de expresarse a compositores, autores y artistas, as\u00ed como a los propios miembros de la comunidad educativa de la facultad, los cuales dejar\u00e1n un legado para las futuras generaciones egresadas de la misma.<\/p>\n\n\n\n<p>A nombre del Alcalde de Saltillo Manolo Jim\u00e9nez, M\u00e1rquez Morales coment\u00f3 que \u201cEs para el municipio un orgullo estimular esta iniciativa en la que, junto con la Secretar\u00eda de Cultura, se apoya la realizaci\u00f3n de un himno en el que se refleje la gran historia y trascendencia de esta importante Facultad, orgullo de muchas generaciones de grandes juristas que han pasado por sus ilustres aulas\u201d.<\/p>\n\n\n\n<p>La convocatoria queda abierta a partir de su publicaci\u00f3n, siendo la fecha l\u00edmite para la recepci\u00f3n de propuestas el 15 de marzo de 2021 a las 15:00 horas.&nbsp;<\/p>\n\n\n\n<p>El premio para el ganador o ganadores es de 50 mil pesos, adem\u00e1s de la presentaci\u00f3n oficial en la que la obra ser\u00e1 interpretada por la Banda de m\u00fasica del estado de Coahuila.<\/p>\n\n\n\n<p>Para mayores informes, los interesados pueden escribir al correo artesescenicas.coahuila@gmail.com, o comunicarse al tel\u00e9fono (844) 416 8616.<\/p>\n","protected":false},"excerpt":{"rendered":"<p>El premio&nbsp;consta de 50 mil pesos y la presentaci\u00f3n oficial en la que el himno ganador ser\u00e1 interpretado por la Banda de m\u00fasica del estado de Coahuila Saltillo, Coahuila. Con &hellip; <a href=\"https:\/\/lavereda.com.mx\/index.php\/2021\/02\/06\/invitan-a-crear-la-letra-y-musica-del-himno-de-la-facultad-de-jurisprudencia\/\" class=\"more-link\">Leer m\u00e1s<\/a><\/p>\n","protected":false},"author":1,"featured_media":1258,"comment_status":"open","ping_status":"open","sticky":false,"template":"","format":"standard","meta":{"footnotes":""},"categories":[4],"tags":[],"class_list":["post-1257","post","type-post","status-publish","format-standard","has-post-thumbnail","hentry","category-musica","entry"],"_links":{"self":[{"href":"https:\/\/lavereda.com.mx\/index.php\/wp-json\/wp\/v2\/posts\/1257","targetHints":{"allow":["GET"]}}],"collection":[{"href":"https:\/\/lavereda.com.mx\/index.php\/wp-json\/wp\/v2\/posts"}],"about":[{"href":"https:\/\/lavereda.com.mx\/index.php\/wp-json\/wp\/v2\/types\/post"}],"author":[{"embeddable":true,"href":"https:\/\/lavereda.com.mx\/index.php\/wp-json\/wp\/v2\/users\/1"}],"replies":[{"embeddable":true,"href":"https:\/\/lavereda.com.mx\/index.php\/wp-json\/wp\/v2\/comments?post=1257"}],"version-history":[{"count":2,"href":"https:\/\/lavereda.com.mx\/index.php\/wp-json\/wp\/v2\/posts\/1257\/revisions"}],"predecessor-version":[{"id":1260,"href":"https:\/\/lavereda.com.mx\/index.php\/wp-json\/wp\/v2\/posts\/1257\/revisions\/1260"}],"wp:featuredmedia":[{"embeddable":true,"href":"https:\/\/lavereda.com.mx\/index.php\/wp-json\/wp\/v2\/media\/1258"}],"wp:attachment":[{"href":"https:\/\/lavereda.com.mx\/index.php\/wp-json\/wp\/v2\/media?parent=1257"}],"wp:term":[{"taxonomy":"category","embeddable":true,"href":"https:\/\/lavereda.com.mx\/index.php\/wp-json\/wp\/v2\/categories?post=1257"},{"taxonomy":"post_tag","embeddable":true,"href":"https:\/\/lavereda.com.mx\/index.php\/wp-json\/wp\/v2\/tags?post=1257"}],"curies":[{"name":"wp","href":"https:\/\/api.w.org\/{rel}","templated":true}]}}