{"id":1250,"date":"2021-02-06T00:04:10","date_gmt":"2021-02-06T00:04:10","guid":{"rendered":"http:\/\/lavereda.com.mx\/?p=1250"},"modified":"2021-02-06T00:06:40","modified_gmt":"2021-02-06T00:06:40","slug":"mi-vida-en-el-2020","status":"publish","type":"post","link":"https:\/\/lavereda.com.mx\/index.php\/2021\/02\/06\/mi-vida-en-el-2020\/","title":{"rendered":"Mi vida en el 2020"},"content":{"rendered":"\n<p><strong><em>Por Mat\u00edas Alonzo<\/em><\/strong><\/p>\n\n\n\n<p>\u00a1Ah Si! 2020 ha sido un mal a\u00f1\u200bo,&nbsp;despu\u00e9s de esto, todos esperamos que el a\u00f1o siguiente sea mejor, \u00bf lo ser\u00e1? Regresamos al principio, cuando el mundo estaba en llamas.<\/p>\n\n\n\n<p><br>As\u00ed que todo comenz\u00f3 con incendios forestales, creo que yo viv\u00eda en California, pero aquellos que s\u00ed, probablemente sufren con todo ese Humo, despu\u00e9s de estos \u201cTiernos y peque\u200b\u00f1o\u200bs incendios\u201d, grandes y gigantescos incendios forestales ocurrieron en Australia, al principio no eran gran problema, pero s\u00ed lo fueron, todos pensaban que \u201cOh s\u00ed, este a\u200b\u00f1\u200bo no se puede poner peor\u201d pero estaban equivocados porque \u00a1Un Virus apareci\u00f3!, \u00bfPor qu\u00e9 Virus?<\/p>\n\n\n\n<p>\u00bfPor qu\u00e9 tiene que ser esto? Y luego el encierro ocurri\u00f3. \u00bfQu\u00e9 significa esto para mi? Sent\u00ed como si estuviera en prisi\u00f3n, sent\u00eda rabia y tristeza al mismo tiempo; no escuela, no amigos, por semanas y hasta meses. Probablemente te preguntas qu\u00e9 siente una persona que contrajo Coronavirus, bueno yo vi que cuando tienes el virus, tus pulmones se bloquean y no puedes respirar; este virus provoca que las personas no puedan expresar su dolor; eso fue algo muy oscuro.<\/p>\n\n\n\n<blockquote class=\"wp-block-quote is-layout-flow wp-block-quote-is-layout-flow\"><p>Es hora de irnos a algo m\u00e1s curioso y divertido, as\u00ed que en los supermercados todo mundo se apresuraba en un mar de gente con cubrebocas; y la \u00fanica cosa que la gente siempre compraba \u00a1era papel de ba\u00f1o! \u00a1No tengo ni idea porque la gente estaba tan obsesionada con el papel de ba\u00f1o!<\/p><\/blockquote>\n\n\n\n<p>Despu\u00e9s de este problema tan ca\u00f3tico seguimos todav\u00eda en la pandemia; como no ver a nuestros amigos y no socializar. Y luego despu\u00e9s de esta locura las elecciones en Am\u00e9rica ocurrieron el 3 de Noviembre de 2020. La gente ten\u00eda que votar ya sea por Donald Trump o Joe, pero lo siento por aquellos que les agrada o votaron por Trump, \u00a1pero Joe Biden gan\u00f3! Todos pensamos que Joe ser\u00e1 un mejor presidente, pero \u00bfrealmente lo ser\u00e1?<\/p>\n\n\n\n<p>Bueno, esto fue una buena, triste o loca historia verdadera.<\/p>\n\n\n\n<p><em>Melbourne, Australia.<\/em><\/p>\n\n\n\n<p><strong><em>(Texto participante en la convocatoria \u00abEscribe con nosotros\u00bb)<\/em><\/strong><\/p>\n","protected":false},"excerpt":{"rendered":"<p>Por Mat\u00edas Alonzo \u00a1Ah Si! 2020 ha sido un mal a\u00f1\u200bo,&nbsp;despu\u00e9s de esto, todos esperamos que el a\u00f1o siguiente sea mejor, \u00bf lo ser\u00e1? Regresamos al principio, cuando el mundo &hellip; <a href=\"https:\/\/lavereda.com.mx\/index.php\/2021\/02\/06\/mi-vida-en-el-2020\/\" class=\"more-link\">Leer m\u00e1s<\/a><\/p>\n","protected":false},"author":1,"featured_media":1251,"comment_status":"open","ping_status":"open","sticky":false,"template":"","format":"standard","meta":{"footnotes":""},"categories":[10],"tags":[],"class_list":["post-1250","post","type-post","status-publish","format-standard","has-post-thumbnail","hentry","category-la-vereda-infantil","entry"],"_links":{"self":[{"href":"https:\/\/lavereda.com.mx\/index.php\/wp-json\/wp\/v2\/posts\/1250","targetHints":{"allow":["GET"]}}],"collection":[{"href":"https:\/\/lavereda.com.mx\/index.php\/wp-json\/wp\/v2\/posts"}],"about":[{"href":"https:\/\/lavereda.com.mx\/index.php\/wp-json\/wp\/v2\/types\/post"}],"author":[{"embeddable":true,"href":"https:\/\/lavereda.com.mx\/index.php\/wp-json\/wp\/v2\/users\/1"}],"replies":[{"embeddable":true,"href":"https:\/\/lavereda.com.mx\/index.php\/wp-json\/wp\/v2\/comments?post=1250"}],"version-history":[{"count":2,"href":"https:\/\/lavereda.com.mx\/index.php\/wp-json\/wp\/v2\/posts\/1250\/revisions"}],"predecessor-version":[{"id":1253,"href":"https:\/\/lavereda.com.mx\/index.php\/wp-json\/wp\/v2\/posts\/1250\/revisions\/1253"}],"wp:featuredmedia":[{"embeddable":true,"href":"https:\/\/lavereda.com.mx\/index.php\/wp-json\/wp\/v2\/media\/1251"}],"wp:attachment":[{"href":"https:\/\/lavereda.com.mx\/index.php\/wp-json\/wp\/v2\/media?parent=1250"}],"wp:term":[{"taxonomy":"category","embeddable":true,"href":"https:\/\/lavereda.com.mx\/index.php\/wp-json\/wp\/v2\/categories?post=1250"},{"taxonomy":"post_tag","embeddable":true,"href":"https:\/\/lavereda.com.mx\/index.php\/wp-json\/wp\/v2\/tags?post=1250"}],"curies":[{"name":"wp","href":"https:\/\/api.w.org\/{rel}","templated":true}]}}