{"id":1244,"date":"2021-02-04T19:16:01","date_gmt":"2021-02-04T19:16:01","guid":{"rendered":"http:\/\/lavereda.com.mx\/?p=1244"},"modified":"2021-02-04T19:16:03","modified_gmt":"2021-02-04T19:16:03","slug":"el-covid-se-llevo-a-muchas-personas","status":"publish","type":"post","link":"https:\/\/lavereda.com.mx\/index.php\/2021\/02\/04\/el-covid-se-llevo-a-muchas-personas\/","title":{"rendered":"\u201cEl Covid se llev\u00f3 a muchas personas\u201d"},"content":{"rendered":"\n<p>Ni\u00f1as y ni\u00f1os de 9 a 11 a\u00f1os de edad que viven en La Laguna, expresaron sus pensamientos, ideas, emociones sobre la pandemia por el Coronavirus, para La Vereda Infantil.<\/p>\n\n\n\n<p>Sus textos forman parte de la convocatoria <em><strong>\u201cEscribe con nosotros\u201d<\/strong><\/em>, te presentamos la segunda parte:<\/p>\n\n\n\n<p>\u2026<\/p>\n\n\n\n<blockquote class=\"wp-block-quote is-layout-flow wp-block-quote-is-layout-flow\"><p>Lo que no me gust\u00f3 fue que mis abuelos y familiares se enfermaban y tambi\u00e9n que no dejaban entrar a cualquier lado a los ni\u00f1os.<\/p><p>Lo que s\u00ed me gust\u00f3 fue que pude estar con mi familia m\u00e1s tiempo y que descans\u00e9 mucho.<\/p><p>Lo que aprend\u00ed fue que en la vida siempre hay cosas malas y buenas, y de eso debes aprender y ser a\u00fan m\u00e1s y m\u00e1s fuerte.<\/p><\/blockquote>\n\n\n\n<p><strong>Dharma Bravo Guerrero<\/strong>&nbsp;11 a\u00f1os.<\/p>\n\n\n\n<blockquote class=\"wp-block-quote is-layout-flow wp-block-quote-is-layout-flow\"><p>Lo que no me gust\u00f3 de la contingencia es que mucha gente muere.<\/p><p>Lo que me gust\u00f3 de esto es que tengo m\u00e1s tiempo para jugar juegos de mesa y leer.<\/p><p>Aprend\u00ed muchas m\u00e1s cosas gracias a la lectura; tambi\u00e9n tengo m\u00e1s tiempo para practicar f\u00fatbol.<\/p><\/blockquote>\n\n\n\n<p><strong>Oscar Sotelo 9 a\u00f1os.<\/strong><\/p>\n\n\n\n<blockquote class=\"wp-block-quote is-layout-flow wp-block-quote-is-layout-flow\"><p>Lo que me ha gustado de esta situaci\u00f3n (Covid 19) es c\u00f3mo no podemos salir de casa, podemos convivir m\u00e1s con la familia, pasar el rato, hacernos conscientes de lo que ha estado pasando para pensar cosas importantes, tengo m\u00e1s tiempo para hacer las cosas.<\/p><p>Lo que no me ha gustado es no poder ver a mis abuelos, primos, y sobre todo a mis hermanos y sobrinos, pero tambi\u00e9n extra\u00f1o ir al mandado (antes no me gustaba ir). Lo que he aprendido es que tuve que valorar m\u00e1s a mi familia y los abrazos de mis amigas antes; me he hecho m\u00e1s consciente de todo y he aprendido muchas cosas m\u00e1s.<\/p><\/blockquote>\n\n\n\n<p><strong>\u00c1ngela Michelle S\u00e1nchez P\u00e9rez 10 a\u00f1os.<\/strong><\/p>\n\n\n\n<blockquote class=\"wp-block-quote is-layout-flow wp-block-quote-is-layout-flow\"><p>Lo que no me gust\u00f3 fue que dej\u00e9 de convivir con mis seres queridos. El covid se llev\u00f3 a muchas personas, incluyendo a una persona que era muy especial para m\u00ed.<\/p><p>Lo que me gust\u00f3 fue que pude experimentar cosas nuevas, pude hacer nuevos amigos y descubrir un nuevo deporte llamado p\u00e1del.<\/p><p>Lo que aprend\u00ed es que siempre debes dar lo mejor de ti, porque s\u00f3lo tienes una oportunidad, si no la aprovechas, ya no podr\u00e1s repetirlo, pues esa oportunidad se habr\u00e1 ido.<\/p><\/blockquote>\n\n\n\n<p><strong>Ni\u00f1a de 11 a\u00f1os.<\/strong><\/p>\n\n\n\n<blockquote class=\"wp-block-quote is-layout-flow wp-block-quote-is-layout-flow\"><p>Lo que no me gust\u00f3 es que no pude ver a mis amigos y a mi familia; no pod\u00eda salir, y lo peor de todo, fue que mi abuelo se muri\u00f3.\u00a0<\/p><p>Lo que me gust\u00f3 fue que pude pasar m\u00e1s tiempo con mi familia y conocernos m\u00e1s, porque casi no los veo cuando se van a trabajar.\u00a0<\/p><p>Lo que aprend\u00ed fue que no se necesita estar unidos, porque lo que importa es que sepas que tu familia y amigos est\u00e1n ah\u00ed para apoyarte, aunque est\u00e9n lejos.<\/p><\/blockquote>\n\n\n\n<p><strong>Carolina<\/strong>\u00a0<strong>Marcial Mart\u00ednez<\/strong>\u00a0<strong>11 a\u00f1os.<\/strong><\/p>\n\n\n\n<blockquote class=\"wp-block-quote is-layout-flow wp-block-quote-is-layout-flow\"><p>Lo que menos me gust\u00f3 fue que no pod\u00eda salir y no pod\u00eda ver a mis amigos y familiares.<\/p><p>Lo que m\u00e1s me gust\u00f3 fue que conviv\u00ed m\u00e1s con mi mam\u00e1, mi pap\u00e1 y mi hermano.<\/p><p>Lo que aprend\u00ed fue que debo cuidarme m\u00e1s y convivir m\u00e1s.<\/p><\/blockquote>\n\n\n\n<p><strong>Camila de la Torre Mej\u00eda 10 a\u00f1os.&nbsp;<\/strong><\/p>\n","protected":false},"excerpt":{"rendered":"<p>Ni\u00f1as y ni\u00f1os de 9 a 11 a\u00f1os de edad que viven en La Laguna, expresaron sus pensamientos, ideas, emociones sobre la pandemia por el Coronavirus, para La Vereda Infantil. &hellip; <a href=\"https:\/\/lavereda.com.mx\/index.php\/2021\/02\/04\/el-covid-se-llevo-a-muchas-personas\/\" class=\"more-link\">Leer m\u00e1s<\/a><\/p>\n","protected":false},"author":1,"featured_media":1245,"comment_status":"open","ping_status":"open","sticky":false,"template":"","format":"standard","meta":{"footnotes":""},"categories":[10],"tags":[],"class_list":["post-1244","post","type-post","status-publish","format-standard","has-post-thumbnail","hentry","category-la-vereda-infantil","entry"],"_links":{"self":[{"href":"https:\/\/lavereda.com.mx\/index.php\/wp-json\/wp\/v2\/posts\/1244","targetHints":{"allow":["GET"]}}],"collection":[{"href":"https:\/\/lavereda.com.mx\/index.php\/wp-json\/wp\/v2\/posts"}],"about":[{"href":"https:\/\/lavereda.com.mx\/index.php\/wp-json\/wp\/v2\/types\/post"}],"author":[{"embeddable":true,"href":"https:\/\/lavereda.com.mx\/index.php\/wp-json\/wp\/v2\/users\/1"}],"replies":[{"embeddable":true,"href":"https:\/\/lavereda.com.mx\/index.php\/wp-json\/wp\/v2\/comments?post=1244"}],"version-history":[{"count":1,"href":"https:\/\/lavereda.com.mx\/index.php\/wp-json\/wp\/v2\/posts\/1244\/revisions"}],"predecessor-version":[{"id":1246,"href":"https:\/\/lavereda.com.mx\/index.php\/wp-json\/wp\/v2\/posts\/1244\/revisions\/1246"}],"wp:featuredmedia":[{"embeddable":true,"href":"https:\/\/lavereda.com.mx\/index.php\/wp-json\/wp\/v2\/media\/1245"}],"wp:attachment":[{"href":"https:\/\/lavereda.com.mx\/index.php\/wp-json\/wp\/v2\/media?parent=1244"}],"wp:term":[{"taxonomy":"category","embeddable":true,"href":"https:\/\/lavereda.com.mx\/index.php\/wp-json\/wp\/v2\/categories?post=1244"},{"taxonomy":"post_tag","embeddable":true,"href":"https:\/\/lavereda.com.mx\/index.php\/wp-json\/wp\/v2\/tags?post=1244"}],"curies":[{"name":"wp","href":"https:\/\/api.w.org\/{rel}","templated":true}]}}