{"id":1240,"date":"2021-02-04T03:04:58","date_gmt":"2021-02-04T03:04:58","guid":{"rendered":"http:\/\/lavereda.com.mx\/?p=1240"},"modified":"2021-02-04T15:21:40","modified_gmt":"2021-02-04T15:21:40","slug":"me-gusta-que-mis-familiares-y-amigos-esten-vivos","status":"publish","type":"post","link":"https:\/\/lavereda.com.mx\/index.php\/2021\/02\/04\/me-gusta-que-mis-familiares-y-amigos-esten-vivos\/","title":{"rendered":"\u201cMe gusta que mis familiares y amigos est\u00e9n vivos\u201d"},"content":{"rendered":"\n<p>Ni\u00f1as y ni\u00f1os de 9 a 11 a\u00f1os de edad que viven en La Laguna, expresaron sus pensamientos, ideas y emociones sobre la pandemia causada por el Coronavirus, para La Vereda Infantil.<\/p>\n\n\n\n<p><strong><em>S<\/em><\/strong><em>us textos forman parte de la convocatoria <strong>\u201cEscribe con nosotros\u201d,<\/strong> te presentamos la primera de dos partes.<\/em><strong><em> <\/em><\/strong><\/p>\n\n\n\n<p>(Algunos de los participantes prefirieron omitir sus nombres):<\/p>\n\n\n\n<p>&#8230;&#8230;..<\/p>\n\n\n\n<blockquote class=\"wp-block-quote is-layout-flow wp-block-quote-is-layout-flow\"><p>No me gusta la sana distancia, me gusta que los mexicanos nos hemos unido m\u00e1s, y una de mis experiencias es que no te debes de encari\u00f1ar mucho con las personas, ya que si mueren m\u00e1s te va a doler.<\/p><p>Ya me gusta que mis familiares, amigos y amigas est\u00e9n vivos.<\/p><\/blockquote>\n\n\n\n<p><strong>Juan Antonio De La Torre Mej\u00eda 11 a\u00f1os&nbsp;<\/strong><\/p>\n\n\n\n<p><\/p>\n\n\n\n<blockquote class=\"wp-block-quote is-layout-flow wp-block-quote-is-layout-flow\"><p>Lo que no me ha gustado durante la cuarentena es que no puedo juntarme con mis familiares, lo que me ha gustado es que tengo m\u00e1s tiempo de hacer artesan\u00edas, tener tiempo en familia y conocer m\u00e1s cosas. Y por \u00faltimo, lo que aprend\u00ed durante la cuarentena es andar en bicicleta, a treparme a los \u00e1rboles, a coser, a usar m\u00e1quina para coser y a hacer origami y muchas artesan\u00edas.<\/p><\/blockquote>\n\n\n\n<p><strong>Ni\u00f1a de 10 a\u00f1os.<\/strong><\/p>\n\n\n\n<blockquote class=\"wp-block-quote is-layout-flow wp-block-quote-is-layout-flow\"><p>No me gust\u00f3: No poder viajar en las vacaciones a un bosque o selva, y las clases en l\u00ednea.<\/p><p>Me gust\u00f3: Poder despertarme un poco m\u00e1s tarde y estar con mis hermanas.<\/p><p>Aprend\u00ed que muchos de los mexicanos les vale la pandemia y siguen haciendo fiestas.<\/p><\/blockquote>\n\n\n\n<p><strong>Ni\u00f1a de 9 a\u00f1os<\/strong>.<\/p>\n\n\n\n<blockquote class=\"wp-block-quote is-layout-flow wp-block-quote-is-layout-flow\"><p>Lo que no me gust\u00f3 de la contingencia fue el cubre bocas y las muertes por covid, lo que s\u00ed me gust\u00f3 es que fui a clases presenciales y que no me enferm\u00e9 de covid. Lo que aprend\u00ed es a valorar mi salud, a cuidarme y aprender a usar el cubre bocas, ya que no me molesta tanto como antes.<\/p><p><\/p><\/blockquote>\n\n\n\n<p><strong>Hannia L\u00f3pez Riesco 11 a\u00f1os\u00a0<\/strong><\/p>\n\n\n\n<blockquote class=\"wp-block-quote is-layout-flow wp-block-quote-is-layout-flow\"><p>No me ha gustado la contingencia y ha estado dif\u00edcil vivir as\u00ed. No me gust\u00f3 ning\u00fan d\u00eda, s\u00f3lo me alegraba la escuela y la navidad; a\u00f1o nuevo y mi cumple. He aprendido a convivir mejor y no dejarme llevar por las emociones.<\/p><\/blockquote>\n\n\n\n<p><strong>Ra\u00fal P\u00e9rez 9 a\u00f1os&nbsp;<\/strong><\/p>\n","protected":false},"excerpt":{"rendered":"<p>Ni\u00f1as y ni\u00f1os de 9 a 11 a\u00f1os de edad que viven en La Laguna, expresaron sus pensamientos, ideas y emociones sobre la pandemia causada por el Coronavirus, para La &hellip; <a href=\"https:\/\/lavereda.com.mx\/index.php\/2021\/02\/04\/me-gusta-que-mis-familiares-y-amigos-esten-vivos\/\" class=\"more-link\">Leer m\u00e1s<\/a><\/p>\n","protected":false},"author":1,"featured_media":1241,"comment_status":"open","ping_status":"open","sticky":false,"template":"","format":"standard","meta":{"footnotes":""},"categories":[10],"tags":[],"class_list":["post-1240","post","type-post","status-publish","format-standard","has-post-thumbnail","hentry","category-la-vereda-infantil","entry"],"_links":{"self":[{"href":"https:\/\/lavereda.com.mx\/index.php\/wp-json\/wp\/v2\/posts\/1240","targetHints":{"allow":["GET"]}}],"collection":[{"href":"https:\/\/lavereda.com.mx\/index.php\/wp-json\/wp\/v2\/posts"}],"about":[{"href":"https:\/\/lavereda.com.mx\/index.php\/wp-json\/wp\/v2\/types\/post"}],"author":[{"embeddable":true,"href":"https:\/\/lavereda.com.mx\/index.php\/wp-json\/wp\/v2\/users\/1"}],"replies":[{"embeddable":true,"href":"https:\/\/lavereda.com.mx\/index.php\/wp-json\/wp\/v2\/comments?post=1240"}],"version-history":[{"count":2,"href":"https:\/\/lavereda.com.mx\/index.php\/wp-json\/wp\/v2\/posts\/1240\/revisions"}],"predecessor-version":[{"id":1243,"href":"https:\/\/lavereda.com.mx\/index.php\/wp-json\/wp\/v2\/posts\/1240\/revisions\/1243"}],"wp:featuredmedia":[{"embeddable":true,"href":"https:\/\/lavereda.com.mx\/index.php\/wp-json\/wp\/v2\/media\/1241"}],"wp:attachment":[{"href":"https:\/\/lavereda.com.mx\/index.php\/wp-json\/wp\/v2\/media?parent=1240"}],"wp:term":[{"taxonomy":"category","embeddable":true,"href":"https:\/\/lavereda.com.mx\/index.php\/wp-json\/wp\/v2\/categories?post=1240"},{"taxonomy":"post_tag","embeddable":true,"href":"https:\/\/lavereda.com.mx\/index.php\/wp-json\/wp\/v2\/tags?post=1240"}],"curies":[{"name":"wp","href":"https:\/\/api.w.org\/{rel}","templated":true}]}}