{"id":1236,"date":"2021-02-03T19:32:33","date_gmt":"2021-02-03T19:32:33","guid":{"rendered":"http:\/\/lavereda.com.mx\/?p=1236"},"modified":"2021-02-03T19:32:35","modified_gmt":"2021-02-03T19:32:35","slug":"mezquite-tendra-funciones-de-danza-al-aire-libre","status":"publish","type":"post","link":"https:\/\/lavereda.com.mx\/index.php\/2021\/02\/03\/mezquite-tendra-funciones-de-danza-al-aire-libre\/","title":{"rendered":"Mezquite tendr\u00e1 funciones de danza al aire libre"},"content":{"rendered":"\n<p>Mezquite danza contempor\u00e1nea, despu\u00e9s de diez meses de ayuno esc\u00e9nico, presentar\u00e1 este fin de semana, en escenarios al aire libre el programa \u201cLa caja de juguetes\u201d de\u00a0<em>Claude Debussy;<\/em>\u00a0inform\u00f3 el director de la compa\u00f1\u00eda Jaime Hinojosa.<\/p>\n\n\n\n<p>La coreograf\u00eda es de Isabel Romero y la producci\u00f3n de Martes de \u00d3pera AC. Despu\u00e9s de su estreno en la Ciudad de M\u00e9xico, se present\u00f3 con Camerata de Coahuila en 2017 en el Teatro Nazas y tuvo una temporada en el Teatro del Bicentenario en Le\u00f3n, Gto, al a\u00f1o siguiente.<\/p>\n\n\n\n<p>Su reposici\u00f3n ahora, emanada del programa \u201cTerritorios esc\u00e9nicos de Secretar\u00eda de Cultura del Estado y apoyada por la Direcci\u00f3n General de Cultura de Torre\u00f3n y el Teatro Nazas, podr\u00e1 ser vista en cuatro espacios diferentes:<\/p>\n\n\n\n<ul class=\"wp-block-list\"><li>Jueves 4 \/ 17:00 hrs \/ Explanada del Teatro Nazas.<\/li><li>Viernes 5 \/ 19:00 hrs \/ Escuela Municipal de Danza Cont. de Torre\u00f3n. Zaragoza 40.&nbsp;<\/li><li>S\u00e1bado 6 \/ 12:00 hrs \/ Auditorio del Bosque Urbano.<\/li><li>Domingo 7 \/ 12:00 hrs \/ Auditorio del Parque Fundadores.<\/li><\/ul>\n\n\n\n<p>\u00abM\u00e1s all\u00e1 de sus valores est\u00e9ticos y musicales, esta obra enfatiza valores como la no violencia, la inutilidad de las guerras, la fuerza del juego y el poder del amor.\u00a0Mu\u00f1ecas de trapo, borregos, arlequines y piratas, gansos gigantes y escaleras truncas, t\u00faneles, borregos y magias, son acciones y personajes que en su conjunto hilvanan y bordan esta historia coreogr\u00e1fica.<\/p>\n\n\n\n<p>\u201cLas cajas de juguetes son en realidad ciudades donde los juguetes viven como gente&nbsp;real, o&nbsp;quiz\u00e1s, las ciudades no son otra cosa que cajas donde la gente vive como juguetes\u201d escribi\u00f3 Andr\u00e9 Hell\u00e9 autor del&nbsp;libreto.<\/p>\n\n\n\n<p>El maestro Hinojosa agreg\u00f3 que queda garantizada\u00a0la sana distancia, as\u00ed como los protocolos de salud desde el acceso.\u00a0<\/p>\n","protected":false},"excerpt":{"rendered":"<p>Mezquite danza contempor\u00e1nea, despu\u00e9s de diez meses de ayuno esc\u00e9nico, presentar\u00e1 este fin de semana, en escenarios al aire libre el programa \u201cLa caja de juguetes\u201d de\u00a0Claude Debussy;\u00a0inform\u00f3 el director &hellip; <a href=\"https:\/\/lavereda.com.mx\/index.php\/2021\/02\/03\/mezquite-tendra-funciones-de-danza-al-aire-libre\/\" class=\"more-link\">Leer m\u00e1s<\/a><\/p>\n","protected":false},"author":1,"featured_media":1237,"comment_status":"open","ping_status":"open","sticky":false,"template":"","format":"standard","meta":{"footnotes":""},"categories":[2,18],"tags":[],"class_list":["post-1236","post","type-post","status-publish","format-standard","has-post-thumbnail","hentry","category-artes-escenicas","category-lomasrelevante","entry"],"_links":{"self":[{"href":"https:\/\/lavereda.com.mx\/index.php\/wp-json\/wp\/v2\/posts\/1236","targetHints":{"allow":["GET"]}}],"collection":[{"href":"https:\/\/lavereda.com.mx\/index.php\/wp-json\/wp\/v2\/posts"}],"about":[{"href":"https:\/\/lavereda.com.mx\/index.php\/wp-json\/wp\/v2\/types\/post"}],"author":[{"embeddable":true,"href":"https:\/\/lavereda.com.mx\/index.php\/wp-json\/wp\/v2\/users\/1"}],"replies":[{"embeddable":true,"href":"https:\/\/lavereda.com.mx\/index.php\/wp-json\/wp\/v2\/comments?post=1236"}],"version-history":[{"count":1,"href":"https:\/\/lavereda.com.mx\/index.php\/wp-json\/wp\/v2\/posts\/1236\/revisions"}],"predecessor-version":[{"id":1238,"href":"https:\/\/lavereda.com.mx\/index.php\/wp-json\/wp\/v2\/posts\/1236\/revisions\/1238"}],"wp:featuredmedia":[{"embeddable":true,"href":"https:\/\/lavereda.com.mx\/index.php\/wp-json\/wp\/v2\/media\/1237"}],"wp:attachment":[{"href":"https:\/\/lavereda.com.mx\/index.php\/wp-json\/wp\/v2\/media?parent=1236"}],"wp:term":[{"taxonomy":"category","embeddable":true,"href":"https:\/\/lavereda.com.mx\/index.php\/wp-json\/wp\/v2\/categories?post=1236"},{"taxonomy":"post_tag","embeddable":true,"href":"https:\/\/lavereda.com.mx\/index.php\/wp-json\/wp\/v2\/tags?post=1236"}],"curies":[{"name":"wp","href":"https:\/\/api.w.org\/{rel}","templated":true}]}}