{"id":1215,"date":"2021-01-28T03:28:02","date_gmt":"2021-01-28T03:28:02","guid":{"rendered":"http:\/\/lavereda.com.mx\/?p=1215"},"modified":"2021-01-28T15:57:33","modified_gmt":"2021-01-28T15:57:33","slug":"presentan-el-concierto-mujeres-por-la-esperanza-2021","status":"publish","type":"post","link":"https:\/\/lavereda.com.mx\/index.php\/2021\/01\/28\/presentan-el-concierto-mujeres-por-la-esperanza-2021\/","title":{"rendered":"Presentan el concierto: Mujeres por la esperanza 2021"},"content":{"rendered":"\n<ul class=\"wp-block-list\"><li><strong>Participan\u00a0Olivia Gorra, Ute Lemper,\u00a0Ang\u00e9lique Kidjo, Luna Abu Nassar y Maya Belsitzman\u00a0<\/strong><\/li><li><strong>Se transmitir\u00e1 el 29 de enero a las 20 horas en la plataforma Contigo en la distancia y en el canal de YouTube del INBAL\u00a0<\/strong><\/li><\/ul>\n\n\n\n<p>En un esfuerzo y colaboraci\u00f3n internacional y con&nbsp;una convocatoria de solidaridad para el mundo, M\u00e9xico presentar\u00e1 el concierto&nbsp;<em>Mujeres por la esperanza 2021<\/em>, el cual unir\u00e1&nbsp;las voces de cantantes de diversas latitudes, quienes desde sus diferentes estilos y tesituras, tradiciones musicales y repertorios, enviar\u00e1n un mensaje de esperanza en uno de los momentos m\u00e1s dif\u00edciles que vive la humanidad, a causa de la contingencia sanitaria derivada de la COVID-19 que ha impactado pr\u00e1cticamente a todo el orbe.&nbsp;<\/p>\n\n\n\n<p>\u201cNunca como ahora, la solidaridad, la empat\u00eda, la valoraci\u00f3n de la diversidad y de la vida se hermanan desde el canto y la m\u00fasica, como lenguajes que son capaces de sumar energ\u00eda, deseos y colaboraci\u00f3n; la&nbsp;cultura&nbsp;tiene la maravilla de unirnos desde todas las partes del mundo\u201d, afirm\u00f3 al respecto la secretaria de&nbsp;Cultura, Alejandra Frausto Guerrero.&nbsp;<\/p>\n\n\n\n<p>Esta iniciativa, promovida por&nbsp;la&nbsp;Secretar\u00eda de&nbsp;Cultura&nbsp;del Gobierno de M\u00e9xico&nbsp;y el Instituto Nacional de Bellas Artes y Literatura (INBAL),&nbsp;es adem\u00e1s una invitaci\u00f3n para fomentar la sororidad, uno de los valores m\u00e1s relevantes en nuestro tiempo que conjunta a cantantes de trayectoria internacional para celebrar la diversidad, la participaci\u00f3n de las mujeres en todos los \u00e1mbitos de la vida, y a la m\u00fasica como lenguaje universal e instrumento de unidad en la actualidad.&nbsp;<\/p>\n\n\n\n<p>Con esta presentaci\u00f3n abren el ciclo de cuatro <em>Conciertos por la esperanza<\/em>&nbsp;que se realizar\u00e1n a lo largo de 2021como parte de una actividad solidaria a trav\u00e9s del arte con las personas cuya salud ha sido afectada o han perdido a familiares y amigos por la COVID-19. Tambi\u00e9n como un homenaje para el personal m\u00e9dico que cotidianamente lucha contra esta grave enfermedad en todo el pa\u00eds y el mundo. Se trata de un ciclo que pondr\u00e1 en el centro un canto a la vida y la esperanza.&nbsp;<\/p>\n\n\n\n<p>Para este primer concierto celebramos la disposici\u00f3n de las cantantes, quienes, de manera remota desde sus lugares de residencia, conjugaron su talento con la tecnolog\u00eda para celebrar la esperanza a trav\u00e9s de su canto desde diferentes locaciones, una de ellas, el Palacio de Bellas Artes, con la participaci\u00f3n de Olivia Gorra, destacada soprano mexicana. Desde otras latitudes se unen&nbsp;Ute Lemper, cantante y actriz alemana; Ang\u00e9lique Kidjo, cantautora y compositora de la Rep\u00fablica de Ben\u00edn; Luna Abu Nassar con su m\u00fasica et\u00e9rea,&nbsp;y la chelista Maya Belsitzman, acompa\u00f1ada del baterista Matan Ephrat, de Israel.&nbsp;&nbsp;<\/p>\n\n\n\n<p>La conducci\u00f3n del concierto estar\u00e1 a cargo de la actriz mexicana Gabriela de la Garza,&nbsp;el cual&nbsp;se transmitir\u00e1&nbsp;el 29 de enero a las 20 horas mediante la plataforma&nbsp;<a href=\"https:\/\/contigoenladistancia.cultura.gob.mx\/\" target=\"_blank\" rel=\"noreferrer noopener\">contigoenladistancia.cultura.gob.mx<\/a>&nbsp;y en el canal oficial de<a href=\"https:\/\/www.youtube.com\/user\/bellasartesmex\" target=\"_blank\" rel=\"noreferrer noopener\">YouTube del INBAL<\/a>.&nbsp;<\/p>\n\n\n\n<p><strong>Repertorio internacional por la esperanza&nbsp;<\/strong><\/p>\n\n\n\n<p>Tras recibir la invitaci\u00f3n a participar, Ute Lemper agradeci\u00f3 a la Secretar\u00eda de&nbsp;Cultura&nbsp;y al INBAL la organizaci\u00f3n de este concierto y record\u00f3 que la m\u00fasica siempre ayudar\u00e1 a sanar. La actriz interpretar\u00e1&nbsp;<em>Chicago<\/em>,&nbsp;<em>La vie en rose<\/em>&nbsp;y&nbsp;<em>Moritat von Mackie Messer,<\/em>&nbsp;entre otras canciones.&nbsp;<\/p>\n\n\n\n<p>Por su parte, la soprano Olivia Gorra, quien estar\u00e1 acompa\u00f1ada por el mariachi Potros de M\u00e9xico, cantar\u00e1 grandes composiciones mexicanas, como&nbsp;<em>No volver\u00e9<\/em>, de Manuel Esper\u00f3n;&nbsp;<em>Cuando vuelva a tu lado<\/em>, de Mar\u00eda Grever, y&nbsp;<em>M\u00e9xico lindo y querido<\/em>, de Chucho Monge, entre otras.&nbsp;<\/p>\n\n\n\n<p>Ser\u00e1 la chelista Maya Belsitzman, al lado del baterista Matan Ephrat, quienes compartir\u00e1n&nbsp;<em>Veshun Sela<\/em>,&nbsp;<em>Mishehu y Recuerdos de Ypacara\u00ed,&nbsp;<\/em>una versi\u00f3n dedicada a la m\u00fasica mexicana y de Am\u00e9rica Latina<em>.&nbsp;<\/em>En tanto, la guitarrista Luna Abu Nassar tras ofrecer&nbsp;<em>Bamshi La-oddam,<\/em>&nbsp;canci\u00f3n de su autor\u00eda<em>,&nbsp;<\/em>acompa\u00f1ar\u00e1 al d\u00fao de Maya y Matan con su canci\u00f3n<em>&nbsp;Rakevet.&nbsp;<\/em><\/p>\n\n\n\n<p>Ang\u00e9lique Kidjo, quien combinando ritmos y la influencia musical de distintos pa\u00edses, ofrecer\u00e1&nbsp;<em>Bemba color\u00e1<\/em>,&nbsp;<em>Malaika, Crosseyed and painless&nbsp;<\/em>y&nbsp;<em>Afrika.&nbsp;<\/em>&nbsp;<\/p>\n\n\n\n<p>Las cinco cantantes cerrar\u00e1n este concierto con la canci\u00f3n rom\u00e1ntica&nbsp;<em>B\u00e9same mucho<\/em>, de la compositora mexicana Consuelo Vel\u00e1zquez.&nbsp;<\/p>\n\n\n\n<p><em>Foto: Soprano Olivia Gorra.<\/em><\/p>\n\n\n\n<p>&nbsp;<\/p>\n","protected":false},"excerpt":{"rendered":"<p>Participan\u00a0Olivia Gorra, Ute Lemper,\u00a0Ang\u00e9lique Kidjo, Luna Abu Nassar y Maya Belsitzman\u00a0 Se transmitir\u00e1 el 29 de enero a las 20 horas en la plataforma Contigo en la distancia y en &hellip; <a href=\"https:\/\/lavereda.com.mx\/index.php\/2021\/01\/28\/presentan-el-concierto-mujeres-por-la-esperanza-2021\/\" class=\"more-link\">Leer m\u00e1s<\/a><\/p>\n","protected":false},"author":1,"featured_media":1216,"comment_status":"open","ping_status":"open","sticky":false,"template":"","format":"standard","meta":{"footnotes":""},"categories":[18,4],"tags":[],"class_list":["post-1215","post","type-post","status-publish","format-standard","has-post-thumbnail","hentry","category-lomasrelevante","category-musica","entry"],"_links":{"self":[{"href":"https:\/\/lavereda.com.mx\/index.php\/wp-json\/wp\/v2\/posts\/1215","targetHints":{"allow":["GET"]}}],"collection":[{"href":"https:\/\/lavereda.com.mx\/index.php\/wp-json\/wp\/v2\/posts"}],"about":[{"href":"https:\/\/lavereda.com.mx\/index.php\/wp-json\/wp\/v2\/types\/post"}],"author":[{"embeddable":true,"href":"https:\/\/lavereda.com.mx\/index.php\/wp-json\/wp\/v2\/users\/1"}],"replies":[{"embeddable":true,"href":"https:\/\/lavereda.com.mx\/index.php\/wp-json\/wp\/v2\/comments?post=1215"}],"version-history":[{"count":2,"href":"https:\/\/lavereda.com.mx\/index.php\/wp-json\/wp\/v2\/posts\/1215\/revisions"}],"predecessor-version":[{"id":1218,"href":"https:\/\/lavereda.com.mx\/index.php\/wp-json\/wp\/v2\/posts\/1215\/revisions\/1218"}],"wp:featuredmedia":[{"embeddable":true,"href":"https:\/\/lavereda.com.mx\/index.php\/wp-json\/wp\/v2\/media\/1216"}],"wp:attachment":[{"href":"https:\/\/lavereda.com.mx\/index.php\/wp-json\/wp\/v2\/media?parent=1215"}],"wp:term":[{"taxonomy":"category","embeddable":true,"href":"https:\/\/lavereda.com.mx\/index.php\/wp-json\/wp\/v2\/categories?post=1215"},{"taxonomy":"post_tag","embeddable":true,"href":"https:\/\/lavereda.com.mx\/index.php\/wp-json\/wp\/v2\/tags?post=1215"}],"curies":[{"name":"wp","href":"https:\/\/api.w.org\/{rel}","templated":true}]}}