{"id":1211,"date":"2021-01-27T02:37:27","date_gmt":"2021-01-27T02:37:27","guid":{"rendered":"http:\/\/lavereda.com.mx\/?p=1211"},"modified":"2021-01-27T02:37:29","modified_gmt":"2021-01-27T02:37:29","slug":"los-riesgos-del-ocio-14","status":"publish","type":"post","link":"https:\/\/lavereda.com.mx\/index.php\/2021\/01\/27\/los-riesgos-del-ocio-14\/","title":{"rendered":"Los riesgos del ocio"},"content":{"rendered":"\n<p>El asunto de&nbsp;&nbsp;vestirse y sentirse bien con uno mismo, cada vez se vuelve m\u00e1s ligero a lo largo de los a\u00f1os. A la moda la mandas al demonio y decides que te pones lo que se te antoja para precisamente ser t\u00fa y estar en paz con tu organismo.<\/p>\n\n\n\n<p>Hay muchos momentos molestos, vergonzosos, fastidiosos, y dem\u00e1s osos que se viven en la primera juventud, y en la segunda, e incluso siendo madre o adulto divorciado y due\u00f1o de su vida. Pero finalmente llega el medio siglo y nadie es amo de nuestro gusto y cl\u00f3set m\u00e1s que nosotros mismos.<\/p>\n\n\n\n<p>Ya basta de escuchar los consabidos \u201c\u00bfte vas a poner eso?\u201d pregunta que siempre iba acompa\u00f1ada de una mirada fulminante a la que si hac\u00edas caso omiso segu\u00eda un costal&nbsp;&nbsp;de razones: \u201cte ves gorda, te ves flaca, est\u00e1 muy corto, est\u00e1 muy largo, no es para tu edad, qu\u00e9 van a pensar con ese escote, ese color no te va, est\u00e1 transparente, ponte brasier, bla, bla, bla\u201d.&nbsp;<\/p>\n\n\n\n<p>Hay atuendos que no he vuelto a probar, por ejemplo, solo dos veces en mi vida he usado minifalda porque mis piernas han sido tan comentadas desde el tipo de hueso (v\u00e1lgame)&nbsp;&nbsp;hasta su grosor, color, firmeza y cantidad de vello, as\u00ed que no me siento a gusto con un largo m\u00e1s arriba de mis rodillas, raras adem\u00e1s.&nbsp;<\/p>\n\n\n\n<p>Mi primera faldita era roja y la us\u00e9 con una blusa blanca de la escuela, no recuerdo muy bien la raz\u00f3n, creo que me da dieron en casa de mi abuela. El caso es que me sent\u00eda muy bonita con ella, y m\u00e1s todav\u00eda porque mi abuelita me llev\u00f3, vestida as\u00ed, al cine. Fuimos a ver&nbsp;<em>Jaws<\/em>. Todav\u00eda no puedo meterme al mar sin sentir con terror que algo me va a jalar y a devorar con sa\u00f1a, pero tampoco puedo olvidar la sensaci\u00f3n de traer puesta esa minifalda roja, de vuelos y sentirme tan linda como se ve\u00eda mi abuela con sus collares, su cabello reci\u00e9n peinado y su forma de sentarse en la sala del cine.&nbsp;<\/p>\n\n\n\n<blockquote class=\"wp-block-quote is-layout-flow wp-block-quote-is-layout-flow\"><p>La segunda minifalda me la hizo mi mam\u00e1 y fue para ser la madrota en\u00a0<em>De la calle<\/em>\u00a0de Jes\u00fas Gonz\u00e1lez D\u00e1vila que dirigi\u00f3 Rogelio Lu\u00e9vano en los ochenta. O sea, ya llovi\u00f3. Una faldita de licra, tan bien hecha que dec\u00edan que m\u00e1s parec\u00eda concurso de se\u00f1orita M\u00e9xico que tugurio. En fin.\u00a0<\/p><\/blockquote>\n\n\n\n<p>He tenido que adaptar mi guardarropa alg\u00fan tiempo en ciertas circunstancias, mientras fui maestra de colegio, por ejemplo. Siempre me han gustado los escotes, y tuve que dejar de usarlos, para no \u201cdar ideas\u201d a los alumnos. Los pantalones de pierna de barquillo que est\u00e1n tan de moda, no me gustan y fueron mi uniforme muchos a\u00f1os. La ropa la escog\u00eda pensando en ofertas, ya que cuando eres madre soltera no puedes darte el lujo de cosas tan vanas como comprarte un vestido que te guste. Hered\u00e9 ropa de todos lados, porque, eso s\u00ed, mi cuerpo tiene la facultad de que le quede la ropa de todo mundo.<\/p>\n\n\n\n<p>Pero no m\u00e1s. Siendo defensora de mi destino y de mi ropero, usar\u00e9 lo que se me venga en gana, aunque no tenga edad para ello, o parezca arbolito de navidad con tanto colguije, as\u00ed deba buscar por todos lados un pantal\u00f3n de mi anacr\u00f3nico gusto.&nbsp;<\/p>\n\n\n\n<p>Porque finalmente, de la moda no es lo que te acomoda, sino lo que te enamora, as\u00ed, sin rima.<\/p>\n","protected":false},"excerpt":{"rendered":"<p>El asunto de&nbsp;&nbsp;vestirse y sentirse bien con uno mismo, cada vez se vuelve m\u00e1s ligero a lo largo de los a\u00f1os. A la moda la mandas al demonio y decides &hellip; <a href=\"https:\/\/lavereda.com.mx\/index.php\/2021\/01\/27\/los-riesgos-del-ocio-14\/\" class=\"more-link\">Leer m\u00e1s<\/a><\/p>\n","protected":false},"author":11,"featured_media":1212,"comment_status":"open","ping_status":"open","sticky":false,"template":"","format":"standard","meta":{"footnotes":""},"categories":[18,9],"tags":[],"class_list":["post-1211","post","type-post","status-publish","format-standard","has-post-thumbnail","hentry","category-lomasrelevante","category-opinion","entry"],"_links":{"self":[{"href":"https:\/\/lavereda.com.mx\/index.php\/wp-json\/wp\/v2\/posts\/1211","targetHints":{"allow":["GET"]}}],"collection":[{"href":"https:\/\/lavereda.com.mx\/index.php\/wp-json\/wp\/v2\/posts"}],"about":[{"href":"https:\/\/lavereda.com.mx\/index.php\/wp-json\/wp\/v2\/types\/post"}],"author":[{"embeddable":true,"href":"https:\/\/lavereda.com.mx\/index.php\/wp-json\/wp\/v2\/users\/11"}],"replies":[{"embeddable":true,"href":"https:\/\/lavereda.com.mx\/index.php\/wp-json\/wp\/v2\/comments?post=1211"}],"version-history":[{"count":1,"href":"https:\/\/lavereda.com.mx\/index.php\/wp-json\/wp\/v2\/posts\/1211\/revisions"}],"predecessor-version":[{"id":1213,"href":"https:\/\/lavereda.com.mx\/index.php\/wp-json\/wp\/v2\/posts\/1211\/revisions\/1213"}],"wp:featuredmedia":[{"embeddable":true,"href":"https:\/\/lavereda.com.mx\/index.php\/wp-json\/wp\/v2\/media\/1212"}],"wp:attachment":[{"href":"https:\/\/lavereda.com.mx\/index.php\/wp-json\/wp\/v2\/media?parent=1211"}],"wp:term":[{"taxonomy":"category","embeddable":true,"href":"https:\/\/lavereda.com.mx\/index.php\/wp-json\/wp\/v2\/categories?post=1211"},{"taxonomy":"post_tag","embeddable":true,"href":"https:\/\/lavereda.com.mx\/index.php\/wp-json\/wp\/v2\/tags?post=1211"}],"curies":[{"name":"wp","href":"https:\/\/api.w.org\/{rel}","templated":true}]}}