{"id":1207,"date":"2021-01-25T17:12:49","date_gmt":"2021-01-25T17:12:49","guid":{"rendered":"http:\/\/lavereda.com.mx\/?p=1207"},"modified":"2021-01-25T18:07:37","modified_gmt":"2021-01-25T18:07:37","slug":"25-de-enero-dia-del-biologo","status":"publish","type":"post","link":"https:\/\/lavereda.com.mx\/index.php\/2021\/01\/25\/25-de-enero-dia-del-biologo\/","title":{"rendered":"25 de enero: D\u00eda del bi\u00f3logo"},"content":{"rendered":"\n<ul class=\"wp-block-list\"><li><em>Este lunes se cumplen 60 a\u00f1os de que el Instituto Polit\u00e9cnico Nacional (IPN) estableci\u00f3 el 25 de enero como el D\u00eda del bi\u00f3logo: inform\u00f3 la Facultad de Ciencias Biol\u00f3gicas de la UA de C Torre\u00f3n.<\/em><\/li><\/ul>\n\n\n\n<p>Juan Antonio Z\u00fa\u00f1iga Adame, actual secretario Acad\u00e9mico de la Facultad de Ciencias Biol\u00f3gicas (FCB) de la Universidad Aut\u00f3noma de Coahuila (UAdeC) Unidad Torre\u00f3n,&nbsp;felicita a todos los bi\u00f3logos y recalca que la biolog\u00eda es muy importante, ya que ahora manejan tambi\u00e9n cuestiones gen\u00e9ticas, y pueden colaborar en la creaci\u00f3n de nuevas vacunas.&nbsp;<\/p>\n\n\n\n<blockquote class=\"wp-block-quote is-layout-flow wp-block-quote-is-layout-flow\"><p>\u00abLas vacunas que est\u00e1n contra el Covid-19, son vacunas que se manejan con \u00e1cido ribonucleico, entonces a ellos les toca mucho por resolver. A todos aquellos que son bi\u00f3logos, mi reconocimiento, mi respeto y mi cari\u00f1o, enhorabuena por todos aquellos y aquellas que decidieron incursionar en esta carrera\u00bb.<\/p><\/blockquote>\n\n\n\n<p>Actualmente, agrega, aunque no se encuentre activa la carrera de Biolog\u00eda en dicha Facultad, \u00e9l perteneci\u00f3 a la \u00faltima generaci\u00f3n en egresar de la misma. Tuvo la fortuna de realizar sus primeras investigaciones al trabajar con conejos de Nueva Zelanda y manejar unas macromol\u00e9culas para generar otras y darles una aplicaci\u00f3n en antibi\u00f3ticos, adem\u00e1s colabor\u00f3 con algunas aportaciones para anticonceptivos, con un investigador de Irlanda.&nbsp;<\/p>\n\n\n\n<blockquote class=\"wp-block-quote is-layout-flow wp-block-quote-is-layout-flow\"><p>\u00abEl ser bi\u00f3logo abarca muchas \u00e1reas, hoy la Facultad evolucion\u00f3 a Ingeniero Bioqu\u00edmico, y lo que m\u00e1s abarc\u00f3 es la qu\u00edmica org\u00e1nica y desarrollo sustentable\u00bb.<\/p><\/blockquote>\n\n\n\n<p>Su gusto por la biolog\u00eda naci\u00f3 desde su ni\u00f1ez, cuando su abuelo lo sacaba al campo y ah\u00ed ve\u00edan diversas plantas y animales. \u00abAfortunadamente viv\u00eda en una casa amplia donde ten\u00edan mascotas y algunos \u00e1rboles frutales y no frutales. Al ingresar a la Facultad de Ciencias Biol\u00f3gicas, form\u00f3 parte de la \u00faltima generaci\u00f3n de la Licenciatura en Biolog\u00eda, donde en ese entonces tambi\u00e9n se ofrec\u00edan las carreras de Ingenier\u00eda en Alimentos e Ingenier\u00eda Bioqu\u00edmica, de las que en el presente, s\u00f3lo la \u00faltima se sigue ofertando en el plantel ubicado en Ciudad Universitaria.&nbsp;<\/p>\n\n\n\n<p>El entrevistado tiene 31 a\u00f1os de egresado, de los cuales 26 ha sido docente, y hoy se muestra maravillado de que a las personas, desde peque\u00f1os, se les inculque el cuidado de los organismos vivos: \u00abme maravilla que la gente ha evolucionado y ha visto la necesidad de cuidar el medio ambiente, no da\u00f1ar, ni contaminar\u00bb.<\/p>\n\n\n\n<p>El dedicarse a la biolog\u00eda, para Antonio Z\u00fa\u00f1iga representa una gran satisfacci\u00f3n y se siente un apasionado hacia lo que hace, sobre todo en la docencia. <\/p>\n","protected":false},"excerpt":{"rendered":"<p>Este lunes se cumplen 60 a\u00f1os de que el Instituto Polit\u00e9cnico Nacional (IPN) estableci\u00f3 el 25 de enero como el D\u00eda del bi\u00f3logo: inform\u00f3 la Facultad de Ciencias Biol\u00f3gicas de &hellip; <a href=\"https:\/\/lavereda.com.mx\/index.php\/2021\/01\/25\/25-de-enero-dia-del-biologo\/\" class=\"more-link\">Leer m\u00e1s<\/a><\/p>\n","protected":false},"author":1,"featured_media":1208,"comment_status":"open","ping_status":"open","sticky":false,"template":"","format":"standard","meta":{"footnotes":""},"categories":[18,8],"tags":[],"class_list":["post-1207","post","type-post","status-publish","format-standard","has-post-thumbnail","hentry","category-lomasrelevante","category-sociedad","entry"],"_links":{"self":[{"href":"https:\/\/lavereda.com.mx\/index.php\/wp-json\/wp\/v2\/posts\/1207","targetHints":{"allow":["GET"]}}],"collection":[{"href":"https:\/\/lavereda.com.mx\/index.php\/wp-json\/wp\/v2\/posts"}],"about":[{"href":"https:\/\/lavereda.com.mx\/index.php\/wp-json\/wp\/v2\/types\/post"}],"author":[{"embeddable":true,"href":"https:\/\/lavereda.com.mx\/index.php\/wp-json\/wp\/v2\/users\/1"}],"replies":[{"embeddable":true,"href":"https:\/\/lavereda.com.mx\/index.php\/wp-json\/wp\/v2\/comments?post=1207"}],"version-history":[{"count":2,"href":"https:\/\/lavereda.com.mx\/index.php\/wp-json\/wp\/v2\/posts\/1207\/revisions"}],"predecessor-version":[{"id":1210,"href":"https:\/\/lavereda.com.mx\/index.php\/wp-json\/wp\/v2\/posts\/1207\/revisions\/1210"}],"wp:featuredmedia":[{"embeddable":true,"href":"https:\/\/lavereda.com.mx\/index.php\/wp-json\/wp\/v2\/media\/1208"}],"wp:attachment":[{"href":"https:\/\/lavereda.com.mx\/index.php\/wp-json\/wp\/v2\/media?parent=1207"}],"wp:term":[{"taxonomy":"category","embeddable":true,"href":"https:\/\/lavereda.com.mx\/index.php\/wp-json\/wp\/v2\/categories?post=1207"},{"taxonomy":"post_tag","embeddable":true,"href":"https:\/\/lavereda.com.mx\/index.php\/wp-json\/wp\/v2\/tags?post=1207"}],"curies":[{"name":"wp","href":"https:\/\/api.w.org\/{rel}","templated":true}]}}