{"id":1193,"date":"2021-01-21T22:54:03","date_gmt":"2021-01-21T22:54:03","guid":{"rendered":"http:\/\/lavereda.com.mx\/?p=1193"},"modified":"2021-01-21T22:54:05","modified_gmt":"2021-01-21T22:54:05","slug":"el-teatro-isauro-presenta-la-agenda-de-febrero","status":"publish","type":"post","link":"https:\/\/lavereda.com.mx\/index.php\/2021\/01\/21\/el-teatro-isauro-presenta-la-agenda-de-febrero\/","title":{"rendered":"El Teatro Isauro presenta la agenda de febrero"},"content":{"rendered":"\n<p>Inici\u00f3 el 2021 y los teatros contin\u00faan cerrados en La Laguna a causa de la pandemia. Sin embargo el Teatro Isauro Mart\u00ednez (TIM) seguir\u00e1 transmitiendo actividades art\u00edsticas por Facebook Live, tanto de esta insituci\u00f3n como del Teatro Alfonso Garibay, con la participaci\u00f3n de artistas de la regi\u00f3n.<\/p>\n\n\n\n<p>El calendario inicia el 17 de febrero con la presentaci\u00f3n del libro \u201cOscuros soliloquios\u201d de&nbsp;&nbsp;Miguel \u00c1ngel Centeno, en el Teatro Garibay a las 6:00 pm, con los comentarios de Jaime Mu\u00f1oz Vargas y Elena Palacios.<\/p>\n\n\n\n<p>Miguel Angel es miembro del taller del literario del TIM. El evento ser\u00e1 transmitido por la pagina de facebook del Teatro Garibay.<\/p>\n\n\n\n<p>El 24 de febrero se realizar\u00e1 una noche rom\u00e1ntica a cargo de Los Bohemios: Denis Gonz\u00e1lez, Armando Andrade, Pedro Rodr\u00edguez e Iv\u00e1n Mart\u00ednez. Sera a las 7:00 pm v\u00eda el Facebook del Teatro Isauro Martinez.<\/p>\n\n\n\n<p>El 26 de febrero a las 7:00 pm desde el Teatro Garibay, se realizar\u00e1 la presentaci\u00f3n de la Escuela Municipal de Danza Contempor\u00e1nea que dirige el maestro Jaime Hinojosa.<\/p>\n\n\n\n<p>Asimismo el TIM seguir\u00e1 siendo escenario de la grabaci\u00f3n de algunos conciertos sin p\u00fablico, para darse a conocer tiempo despu\u00e9s en las redes sociales. El a\u00f1o pasado el recinto fue sede de las grabaciones de conciertos de la Orquesta Sinf\u00f3nica Juvenil de Torre\u00f3n y de la grabaci\u00f3n del disco de la Banda Municipal.<\/p>\n","protected":false},"excerpt":{"rendered":"<p>Inici\u00f3 el 2021 y los teatros contin\u00faan cerrados en La Laguna a causa de la pandemia. Sin embargo el Teatro Isauro Mart\u00ednez (TIM) seguir\u00e1 transmitiendo actividades art\u00edsticas por Facebook Live, &hellip; <a href=\"https:\/\/lavereda.com.mx\/index.php\/2021\/01\/21\/el-teatro-isauro-presenta-la-agenda-de-febrero\/\" class=\"more-link\">Leer m\u00e1s<\/a><\/p>\n","protected":false},"author":1,"featured_media":780,"comment_status":"open","ping_status":"open","sticky":false,"template":"","format":"standard","meta":{"footnotes":""},"categories":[2,18],"tags":[],"class_list":["post-1193","post","type-post","status-publish","format-standard","has-post-thumbnail","hentry","category-artes-escenicas","category-lomasrelevante","entry"],"_links":{"self":[{"href":"https:\/\/lavereda.com.mx\/index.php\/wp-json\/wp\/v2\/posts\/1193","targetHints":{"allow":["GET"]}}],"collection":[{"href":"https:\/\/lavereda.com.mx\/index.php\/wp-json\/wp\/v2\/posts"}],"about":[{"href":"https:\/\/lavereda.com.mx\/index.php\/wp-json\/wp\/v2\/types\/post"}],"author":[{"embeddable":true,"href":"https:\/\/lavereda.com.mx\/index.php\/wp-json\/wp\/v2\/users\/1"}],"replies":[{"embeddable":true,"href":"https:\/\/lavereda.com.mx\/index.php\/wp-json\/wp\/v2\/comments?post=1193"}],"version-history":[{"count":1,"href":"https:\/\/lavereda.com.mx\/index.php\/wp-json\/wp\/v2\/posts\/1193\/revisions"}],"predecessor-version":[{"id":1194,"href":"https:\/\/lavereda.com.mx\/index.php\/wp-json\/wp\/v2\/posts\/1193\/revisions\/1194"}],"wp:featuredmedia":[{"embeddable":true,"href":"https:\/\/lavereda.com.mx\/index.php\/wp-json\/wp\/v2\/media\/780"}],"wp:attachment":[{"href":"https:\/\/lavereda.com.mx\/index.php\/wp-json\/wp\/v2\/media?parent=1193"}],"wp:term":[{"taxonomy":"category","embeddable":true,"href":"https:\/\/lavereda.com.mx\/index.php\/wp-json\/wp\/v2\/categories?post=1193"},{"taxonomy":"post_tag","embeddable":true,"href":"https:\/\/lavereda.com.mx\/index.php\/wp-json\/wp\/v2\/tags?post=1193"}],"curies":[{"name":"wp","href":"https:\/\/api.w.org\/{rel}","templated":true}]}}