{"id":1189,"date":"2021-01-21T02:21:17","date_gmt":"2021-01-21T02:21:17","guid":{"rendered":"http:\/\/lavereda.com.mx\/?p=1189"},"modified":"2021-01-21T02:21:19","modified_gmt":"2021-01-21T02:21:19","slug":"iniciara-la-jornada-de-arte-resiliente","status":"publish","type":"post","link":"https:\/\/lavereda.com.mx\/index.php\/2021\/01\/21\/iniciara-la-jornada-de-arte-resiliente\/","title":{"rendered":"Iniciar\u00e1 la jornada de Arte Resiliente"},"content":{"rendered":"\n<p>M\u00e1s de 70 proyectos art\u00edsticos fueron seleccionados en la Convocatoria de Ate Resiliente, lanzada por la Secretar\u00eda de Cultura de Coahuila durante el primer a\u00f1o de la pandemia (2020) para apoyar a creadores de la entidad.<\/p>\n\n\n\n<p>La Secretar\u00eda dependencia inform\u00f3 que a partir del 26 de enero y hasta el mes de marzo se llevar\u00e1 a cabo la jornada de actividades de Arte Resiliente.<\/p>\n\n\n\n<p>Incluye proyectos de disciplinas como Artes Esc\u00e9nicas, Literatura, Multimedia, Medios audiovisuales, Artes visuales, Interdisciplina, hasta Promoci\u00f3n y Difusi\u00f3n Cultural.<\/p>\n\n\n\n<p>En ese tenor, la Secretaria de Cultura, Ana Sof\u00eda Garc\u00eda Camil, indic\u00f3 que desde la finalidad fue apoyar, reconocer y difundir el trabajo tanto de creadores, artistas, grupos art\u00edsticos y colectivos, as\u00ed como de gestores y promotores culturales.<\/p>\n\n\n\n<blockquote class=\"wp-block-quote is-layout-flow wp-block-quote-is-layout-flow\"><p>\u201cFueron 75 los proyectos escogidos. En el mes de diciembre empezamos a transmitir a trav\u00e9s de nuestras distintas plataformas digitales, mon\u00f3logos, danza, presentaciones de libros y obras de teatro, por mencionar algunos\u201d, dijo.<\/p><\/blockquote>\n\n\n\n<p>Garc\u00eda Camil inform\u00f3 que ser\u00e1 el d\u00eda 26 de enero a las 17:30 horas, con una inauguraci\u00f3n virtual en la que estar\u00e1 presente, que se iniciar\u00e1n las actividades de esta jornada. Estas actividades seguir\u00e1n presentes durante los pr\u00f3ximos meses en la cartelera de la Secretar\u00eda de Cultura para disfrute de la ciudadan\u00eda.<\/p>\n\n\n\n<p>\u201cSer\u00e1 una gran cantidad de actividades muy interesantes que transmitiremos; en verdad que el talento coahuilense&nbsp; sigue creciendo y desde nuestra dependencia lo apoyamos y difundimos para el disfrute de nuestros seguidores en l\u00ednea\u00bb.<\/p>\n\n\n\n<p>Finalmente, hizo un llamado al p\u00fablico a seguir atentos a las redes sociales de la Secretar\u00eda de Cultura, donde diariamente se comparte la cartelera de los espect\u00e1culos por venir.<\/p>\n\n\n\n<p>\u201cQueremos recordarles que sigan nuestras p\u00e1ginas (YouTube: Secretaria de Cultura de Coahuila y Facebook: Secretar\u00eda de Cultura de Coahuila), ah\u00ed adem\u00e1s de ver la cartelera de nuestros pr\u00f3ximos eventos, pueden disfrutar gratuitamente de toda nuestra programaci\u00f3n\u201d, invit\u00f3.<\/p>\n\n\n\n<p>Como se recordar\u00e1, Arte Resiliente se realiza en coordinaci\u00f3n con la Secretar\u00eda de Cultura del Gobierno de M\u00e9xico, por medio del programa de Apoyo a Instituciones Estatales de Cultura (AIEC).<\/p>\n","protected":false},"excerpt":{"rendered":"<p>M\u00e1s de 70 proyectos art\u00edsticos fueron seleccionados en la Convocatoria de Ate Resiliente, lanzada por la Secretar\u00eda de Cultura de Coahuila durante el primer a\u00f1o de la pandemia (2020) para &hellip; <a href=\"https:\/\/lavereda.com.mx\/index.php\/2021\/01\/21\/iniciara-la-jornada-de-arte-resiliente\/\" class=\"more-link\">Leer m\u00e1s<\/a><\/p>\n","protected":false},"author":1,"featured_media":1190,"comment_status":"open","ping_status":"open","sticky":false,"template":"","format":"standard","meta":{"footnotes":""},"categories":[2,18],"tags":[],"class_list":["post-1189","post","type-post","status-publish","format-standard","has-post-thumbnail","hentry","category-artes-escenicas","category-lomasrelevante","entry"],"_links":{"self":[{"href":"https:\/\/lavereda.com.mx\/index.php\/wp-json\/wp\/v2\/posts\/1189","targetHints":{"allow":["GET"]}}],"collection":[{"href":"https:\/\/lavereda.com.mx\/index.php\/wp-json\/wp\/v2\/posts"}],"about":[{"href":"https:\/\/lavereda.com.mx\/index.php\/wp-json\/wp\/v2\/types\/post"}],"author":[{"embeddable":true,"href":"https:\/\/lavereda.com.mx\/index.php\/wp-json\/wp\/v2\/users\/1"}],"replies":[{"embeddable":true,"href":"https:\/\/lavereda.com.mx\/index.php\/wp-json\/wp\/v2\/comments?post=1189"}],"version-history":[{"count":1,"href":"https:\/\/lavereda.com.mx\/index.php\/wp-json\/wp\/v2\/posts\/1189\/revisions"}],"predecessor-version":[{"id":1191,"href":"https:\/\/lavereda.com.mx\/index.php\/wp-json\/wp\/v2\/posts\/1189\/revisions\/1191"}],"wp:featuredmedia":[{"embeddable":true,"href":"https:\/\/lavereda.com.mx\/index.php\/wp-json\/wp\/v2\/media\/1190"}],"wp:attachment":[{"href":"https:\/\/lavereda.com.mx\/index.php\/wp-json\/wp\/v2\/media?parent=1189"}],"wp:term":[{"taxonomy":"category","embeddable":true,"href":"https:\/\/lavereda.com.mx\/index.php\/wp-json\/wp\/v2\/categories?post=1189"},{"taxonomy":"post_tag","embeddable":true,"href":"https:\/\/lavereda.com.mx\/index.php\/wp-json\/wp\/v2\/tags?post=1189"}],"curies":[{"name":"wp","href":"https:\/\/api.w.org\/{rel}","templated":true}]}}