{"id":1183,"date":"2021-01-19T02:30:41","date_gmt":"2021-01-19T02:30:41","guid":{"rendered":"http:\/\/lavereda.com.mx\/?p=1183"},"modified":"2021-01-19T02:30:43","modified_gmt":"2021-01-19T02:30:43","slug":"los-riesgos-del-ocio-13","status":"publish","type":"post","link":"https:\/\/lavereda.com.mx\/index.php\/2021\/01\/19\/los-riesgos-del-ocio-13\/","title":{"rendered":"Los riesgos del ocio"},"content":{"rendered":"\n<p>En mi recuerdo, mis dos abuelas eran mujeres completamente diferentes. Do\u00f1a Elvira, mi abuela paterna, era una mujer que no paraba de trabajar y tampoco aceptaba el ocio. Se corr\u00eda el riesgo de que si te ve\u00eda por la ma\u00f1ana o tarde leyendo o sentado charlando, te acercaba la escoba \u201cpara que se ponga a hacer algo mijo\u201d.&nbsp;&nbsp;No usaba maquillaje, su ropa parec\u00eda ser siempre el mismo modelo de vestido con diferente tela. La recuerdo por las noches, con el cabello m\u00e1s blanco que gris, limpio, en una trenza muy apretada, fumando, porque a esa hora ya estaba permitido el descanso.&nbsp;&nbsp;<\/p>\n\n\n\n<p>Mi abuelita Coco (noten el diminutivo que no exist\u00eda en la otra abuela), por el contrario, era una mujer que se hac\u00eda tiempo para la manicura, con su cabello impecablemente peinado y te\u00f1ido en el sal\u00f3n de belleza, con colores en su ropa a pesar de ser viuda y de los tiempos que dictaban el negro eterno a las mujeres que hab\u00edan perdido al marido. Coqueta, un maquillaje tenue, con alg\u00fan collar, prendedor, aretes, mascada. Arreglada se sentaba por las tardes afuera de su casa, con un libro en las manos. Ten\u00eda tiempo para conversaciones y mis teatros. Siempre me aguantaba las nuevas historias que ten\u00eda para actuarle. Me regal\u00f3 algunos libros que todav\u00eda conservo. Los hombres se quitaban el sombrero a su paso en un gesto que siempre me ha parecido el piropo m\u00e1s elegante que hay, pero bueno, esas son cursiler\u00edas m\u00edas. Y por ah\u00ed supimos de algunos pretendientes que tuvo y de otros se\u00f1ores que mandaban saludos con las nietas a do\u00f1a Coquito.<\/p>\n\n\n\n<p>Esos recuerdos vienen al caso porque observo a la distancia a dos de mis primos convertirse en abuelos este a\u00f1o y a mis amigas de la secundaria, y veo los diversos tipos que somos todos.&nbsp;<\/p>\n\n\n\n<blockquote class=\"wp-block-quote is-layout-flow wp-block-quote-is-layout-flow\"><p>Por ejemplo, yo siempre pens\u00e9 que era la abuela mala, porque no veo a los nietos, porque mi\u00a0\u00a0nombramiento es un mero tr\u00e1mite ya que no ejerzo el t\u00edtulo. Pero la consuegra me dijo \u201cno, usted es la abuela buena, la que supo alejarse\u201d.\u00a0<\/p><\/blockquote>\n\n\n\n<p>En estos tiempos ya no s\u00f3lo son dos tipos, sino con cada mujer se va formando un abuelear diferente. Estamos las que no nos comprometemos, las que seguimos haciendo nuestra vida de mujer, porque fueron muchos los sue\u00f1os sacrificados cuando tuvimos hijos y hay que realizarlos, o porque la vida es corta y no queremos irnos sin haber hecho lo que hemos querido, o porque, simplemente no nos gustan los ni\u00f1os. (Se ten\u00eda que decir y se dijo). Y ante los ojos asombrados de las abuelas cuidadoras tenemos sobre nosotras la pregunta \u00bfy no te duele que no te conozcan los nietos?, la respuesta es no. Escogimos este camino. Tal vez en un futuro vengan a nosotras, tal vez nunca les interese eso. La vida es tan amplia e individual que no hay tiempo para amargarse.&nbsp;<\/p>\n\n\n\n<p>Est\u00e1n tambi\u00e9n las abuelas que eligieron ejercer la palabra a manera de los cuentos de hadas, qu\u00e9 bien. Cada quien decide hacia d\u00f3nde ir.&nbsp;<\/p>\n\n\n\n<p>Entre un tipo y otro est\u00e1n todas las dem\u00e1s que tienen diferentes formas de ver, ejercer, apreciar, ocultar, disimular el t\u00edtulo. Finalmente es un adjetivo m\u00e1s que vamos cargando, sobre el ser mujer.&nbsp;&nbsp;<\/p>\n\n\n\n<p>Y lo bueno es que cada vez son menos las que al obtener el t\u00edtulo, se dejan envejecer en autom\u00e1tico, como se exig\u00eda anta\u00f1o en un acto m\u00e1s de nulificaci\u00f3n femenina.<\/p>\n","protected":false},"excerpt":{"rendered":"<p>En mi recuerdo, mis dos abuelas eran mujeres completamente diferentes. Do\u00f1a Elvira, mi abuela paterna, era una mujer que no paraba de trabajar y tampoco aceptaba el ocio. Se corr\u00eda &hellip; <a href=\"https:\/\/lavereda.com.mx\/index.php\/2021\/01\/19\/los-riesgos-del-ocio-13\/\" class=\"more-link\">Leer m\u00e1s<\/a><\/p>\n","protected":false},"author":11,"featured_media":1184,"comment_status":"open","ping_status":"open","sticky":false,"template":"","format":"standard","meta":{"footnotes":""},"categories":[18,9],"tags":[],"class_list":["post-1183","post","type-post","status-publish","format-standard","has-post-thumbnail","hentry","category-lomasrelevante","category-opinion","entry"],"_links":{"self":[{"href":"https:\/\/lavereda.com.mx\/index.php\/wp-json\/wp\/v2\/posts\/1183","targetHints":{"allow":["GET"]}}],"collection":[{"href":"https:\/\/lavereda.com.mx\/index.php\/wp-json\/wp\/v2\/posts"}],"about":[{"href":"https:\/\/lavereda.com.mx\/index.php\/wp-json\/wp\/v2\/types\/post"}],"author":[{"embeddable":true,"href":"https:\/\/lavereda.com.mx\/index.php\/wp-json\/wp\/v2\/users\/11"}],"replies":[{"embeddable":true,"href":"https:\/\/lavereda.com.mx\/index.php\/wp-json\/wp\/v2\/comments?post=1183"}],"version-history":[{"count":1,"href":"https:\/\/lavereda.com.mx\/index.php\/wp-json\/wp\/v2\/posts\/1183\/revisions"}],"predecessor-version":[{"id":1185,"href":"https:\/\/lavereda.com.mx\/index.php\/wp-json\/wp\/v2\/posts\/1183\/revisions\/1185"}],"wp:featuredmedia":[{"embeddable":true,"href":"https:\/\/lavereda.com.mx\/index.php\/wp-json\/wp\/v2\/media\/1184"}],"wp:attachment":[{"href":"https:\/\/lavereda.com.mx\/index.php\/wp-json\/wp\/v2\/media?parent=1183"}],"wp:term":[{"taxonomy":"category","embeddable":true,"href":"https:\/\/lavereda.com.mx\/index.php\/wp-json\/wp\/v2\/categories?post=1183"},{"taxonomy":"post_tag","embeddable":true,"href":"https:\/\/lavereda.com.mx\/index.php\/wp-json\/wp\/v2\/tags?post=1183"}],"curies":[{"name":"wp","href":"https:\/\/api.w.org\/{rel}","templated":true}]}}