{"id":1180,"date":"2021-01-18T17:11:51","date_gmt":"2021-01-18T17:11:51","guid":{"rendered":"http:\/\/lavereda.com.mx\/?p=1180"},"modified":"2021-01-18T17:11:53","modified_gmt":"2021-01-18T17:11:53","slug":"ofrecen-capacitacion-para-artistas-en-coahuila","status":"publish","type":"post","link":"https:\/\/lavereda.com.mx\/index.php\/2021\/01\/18\/ofrecen-capacitacion-para-artistas-en-coahuila\/","title":{"rendered":"Ofrecen capacitaci\u00f3n para artistas en Coahuila"},"content":{"rendered":"\n<ul class=\"wp-block-list\"><li><strong><em>12 talleres gratuitos en \u00e1rea de cine, teatro, literatura y danza.<\/em><\/strong><\/li><\/ul>\n\n\n\n<p>La Secretar\u00eda de Cultura de Coahuila dio a conocer las distintas actividades de capacitaci\u00f3n que se llevar\u00e1n a cabo durante el primer trimestre del a\u00f1o, entre las que destacan la capacitaci\u00f3n art\u00edstica con 12 talleres en las disciplinas de cine, teatro, danza y literatura.<\/p>\n\n\n\n<p>En rueda de prensa, la Secretaria de Cultura, Ana Sof\u00eda Garc\u00eda Camil, indic\u00f3 que el objetivo de estos talleres es el de contribuir en el desarrollo profesional de las y los artistas en la entidad, permiti\u00e9ndoles adquirir herramientas conceptuales, te\u00f3ricas y pr\u00e1cticas que los habilite para desarrollar su trabajo en el panorama nacional en la actualidad.<\/p>\n\n\n\n<blockquote class=\"wp-block-quote is-layout-flow wp-block-quote-is-layout-flow\"><p>\u201cEsta capacitaci\u00f3n art\u00edstica se desarrollar\u00e1 durante los meses de enero, febrero y marzo, contar\u00e1 con la participaci\u00f3n de maestros de primer nivel, especialistas en cada uno de los temas, mismos que cuentan con la experiencia que como creadores podr\u00e1n compartir con nuestros artistas\u201d, detall\u00f3.<\/p><\/blockquote>\n\n\n\n<p>Son nueve los talleres que se desarrollar\u00e1n en formato a distancia utilizando las plataformas digitales y los tres talleres restantes se realizar\u00e1n en formato presencial en la Ciudad de Saltillo, atendiendo las medidas sanitarias que se apliquen en ese momento.<\/p>\n\n\n\n<p>Garc\u00eda Camil especific\u00f3 que las inscripciones quedan abiertas a partir de hoy, las cuales adem\u00e1s no tienen ning\u00fan costo para los participantes, al tiempo que se\u00f1al\u00f3 que mayores informes se pusieron a disposici\u00f3n los siguientes correos electr\u00f3nicos:&nbsp;<a href=\"mailto:cine.secretariacoahuila@gmail.com\" target=\"_blank\" rel=\"noreferrer noopener\">cine.secretariacoahuila@gmail.com<\/a>,&nbsp;<a href=\"mailto:balletdecoahuila@gmail.com\" target=\"_blank\" rel=\"noreferrer noopener\">balletdecoahuila@gmail.com<\/a>,&nbsp;&nbsp;<a href=\"mailto:artesescenicas.coahuila@gmail.com\" target=\"_blank\" rel=\"noreferrer noopener\">artesescenicas.coahuila@gmail.com<\/a>,&nbsp;&nbsp;&nbsp;<a href=\"mailto:escrituracoahuila@gmail.com\" target=\"_blank\" rel=\"noreferrer noopener\">escrituracoahuila@gmail.com<\/a>.<\/p>\n\n\n\n<p>Los talleres que se llevar\u00e1n a cabo son: Taller de guion para cortometraje de ficci\u00f3n, imparte Iker Compe\u00e1n Leroux; Taller \u201cProcuraci\u00f3n de fondos para producciones cinematogr\u00e1ficas\u201d, imparte Ozscar Ram\u00edrez; \u201cEstructura cinematogr\u00e1fica y la introducci\u00f3n a la preproducci\u00f3n de un rodaje\u201d, imparte Sabrina Raquel Almandoz; Curso de apreciaci\u00f3n del cortometraje, imparte Josian L\u00f3pez Ar\u00e1mburo; Taller \u201cLiteraturas en lenguas originarias\u201d, imparte Nadia L\u00f3pez Garc\u00eda; Taller \u201cPromoci\u00f3n cinematogr\u00e1fica: Ruta de Festivales\u201d, imparte Andrea Castex.<\/p>\n\n\n\n<p>Tambi\u00e9n, Taller de Composici\u00f3n Coreogr\u00e1fico 1, imparte Jorge Dom\u00ednguez Serd\u00e1n; Taller \u00bfC\u00f3mo hacer un proyecto cultural para la promoci\u00f3n de la lectura y el libro?, imparte Gerardo Segura; Taller de Introducci\u00f3n al Lenguaje Cinematogr\u00e1fico, imparte Percival Arg\u00fcero; Taller de Composici\u00f3n Coreogr\u00e1fico 2, imparte Beatriz Madrid; Taller de direcci\u00f3n teatral con perspectiva de g\u00e9nero, imparte Clarissa Malheiros; Taller \u201cLa promoci\u00f3n de la lectura en tiempos de pandemia: textos digitales en formato multiplataforma\u201d, imparte Carola D\u00edez.<\/p>\n\n\n\n<p>Finalmente, la funcionaria estatal mencion\u00f3 que esta capacitaci\u00f3n es posible gracias a la participaci\u00f3n de la Secretar\u00eda de Cultura Federal, a trav\u00e9s de su Programa de Apoyo a Instituciones Estatales de Cultura (AIEC), as\u00ed como al Instituto Mexicano de Cinematograf\u00eda y el Centro de Capacitaci\u00f3n Cinematogr\u00e1fica.<\/p>\n\n\n\n<p>Para mayores informes, consultar la p\u00e1gina web de la Secretar\u00eda de Cultura&nbsp;<a href=\"http:\/\/www.coahuilacultura.gob.mx\/\" target=\"_blank\" rel=\"noreferrer noopener\">www.coahuilacultura.gob.mx<\/a>&nbsp;o v\u00eda inbox a trav\u00e9s de la p\u00e1gina de Facebook Secretar\u00eda de Cultura de Coahuila<\/p>\n","protected":false},"excerpt":{"rendered":"<p>12 talleres gratuitos en \u00e1rea de cine, teatro, literatura y danza. La Secretar\u00eda de Cultura de Coahuila dio a conocer las distintas actividades de capacitaci\u00f3n que se llevar\u00e1n a cabo &hellip; <a href=\"https:\/\/lavereda.com.mx\/index.php\/2021\/01\/18\/ofrecen-capacitacion-para-artistas-en-coahuila\/\" class=\"more-link\">Leer m\u00e1s<\/a><\/p>\n","protected":false},"author":1,"featured_media":1181,"comment_status":"open","ping_status":"open","sticky":false,"template":"","format":"standard","meta":{"footnotes":""},"categories":[2,18],"tags":[],"class_list":["post-1180","post","type-post","status-publish","format-standard","has-post-thumbnail","hentry","category-artes-escenicas","category-lomasrelevante","entry"],"_links":{"self":[{"href":"https:\/\/lavereda.com.mx\/index.php\/wp-json\/wp\/v2\/posts\/1180","targetHints":{"allow":["GET"]}}],"collection":[{"href":"https:\/\/lavereda.com.mx\/index.php\/wp-json\/wp\/v2\/posts"}],"about":[{"href":"https:\/\/lavereda.com.mx\/index.php\/wp-json\/wp\/v2\/types\/post"}],"author":[{"embeddable":true,"href":"https:\/\/lavereda.com.mx\/index.php\/wp-json\/wp\/v2\/users\/1"}],"replies":[{"embeddable":true,"href":"https:\/\/lavereda.com.mx\/index.php\/wp-json\/wp\/v2\/comments?post=1180"}],"version-history":[{"count":1,"href":"https:\/\/lavereda.com.mx\/index.php\/wp-json\/wp\/v2\/posts\/1180\/revisions"}],"predecessor-version":[{"id":1182,"href":"https:\/\/lavereda.com.mx\/index.php\/wp-json\/wp\/v2\/posts\/1180\/revisions\/1182"}],"wp:featuredmedia":[{"embeddable":true,"href":"https:\/\/lavereda.com.mx\/index.php\/wp-json\/wp\/v2\/media\/1181"}],"wp:attachment":[{"href":"https:\/\/lavereda.com.mx\/index.php\/wp-json\/wp\/v2\/media?parent=1180"}],"wp:term":[{"taxonomy":"category","embeddable":true,"href":"https:\/\/lavereda.com.mx\/index.php\/wp-json\/wp\/v2\/categories?post=1180"},{"taxonomy":"post_tag","embeddable":true,"href":"https:\/\/lavereda.com.mx\/index.php\/wp-json\/wp\/v2\/tags?post=1180"}],"curies":[{"name":"wp","href":"https:\/\/api.w.org\/{rel}","templated":true}]}}