{"id":1171,"date":"2021-01-15T18:51:03","date_gmt":"2021-01-15T18:51:03","guid":{"rendered":"http:\/\/lavereda.com.mx\/?p=1171"},"modified":"2021-01-15T18:51:05","modified_gmt":"2021-01-15T18:51:05","slug":"cine-tv-el-libro-de-los-secretos","status":"publish","type":"post","link":"https:\/\/lavereda.com.mx\/index.php\/2021\/01\/15\/cine-tv-el-libro-de-los-secretos\/","title":{"rendered":"Cine Tv: El Libro de los Secretos"},"content":{"rendered":"\n<p><strong><em>(The Book of\u00a0\u00a0Eli, 2010)<\/em><\/strong><\/p>\n\n\n\n<p>En un futuro apocal\u00edptico, Eli (Denzel Washington) vaga solo por el mundo. Lleva d\u00e9cadas transitando por el pa\u00eds, como un despose\u00eddo, gan\u00e1ndose la vida de cualquier manera. Su \u00fanico objetivo es proteger un libro sagrado que puede restaurar la fe en la humanidad, y regresar la espiritualidad que se ha perdido.<\/p>\n\n\n\n<p>Cuando entra a un pueblo en ruinas, sometido por el malvado Carnegie (Gary Oldman), todo se complica. Quieren arrebatarle su preciada posesi\u00f3n, pero Eli demuestra que es una fiera en el combate y puede ayudar al malvado cacique a perpetuar su reinado en ese devastado rinc\u00f3n del planeta.<\/p>\n\n\n\n<p>Como un western del fin del mundo, la cinta se mueve entre la acci\u00f3n y el homenaje a la lectura, como una actividad liberadora. El que lee puede escapar de su prisi\u00f3n mental. Con ese libro, que el tipo guarda celosamente, las personas se pueden transformar en otras, ser mejores, y quiz\u00e1s hasta puedan volver a encontrar un camino para establecer una normalidad que han perdido entre el polvo y la violencia.<\/p>\n\n\n\n<p>Washington est\u00e1 en su elemento como el redentor que utiliza sus habilidades de combate y destrucci\u00f3n para las buenas causas. Es una especie de Justiciero en una \u00e9poca perdida. Y Oldman, tambi\u00e9n, se luce en una repetici\u00f3n caricaturizada del malvado ego\u00edsta, que se hace odiar por su falta de escr\u00fapulos.<\/p>\n\n\n\n<p>Es una buena opci\u00f3n para pasar el rato con acci\u00f3n estilizada y algunos temas que mueven a la reflexi\u00f3n.<\/p>\n\n\n\n<p>(R. Restringido; menores de 17 deben estar acompa\u00f1ados de sus padres)<\/p>\n\n\n\n<p>Netflix<\/p>\n\n\n\n<p>Twitter @LucianoCamposG<\/p>\n","protected":false},"excerpt":{"rendered":"<p>(The Book of\u00a0\u00a0Eli, 2010) En un futuro apocal\u00edptico, Eli (Denzel Washington) vaga solo por el mundo. Lleva d\u00e9cadas transitando por el pa\u00eds, como un despose\u00eddo, gan\u00e1ndose la vida de cualquier &hellip; <a href=\"https:\/\/lavereda.com.mx\/index.php\/2021\/01\/15\/cine-tv-el-libro-de-los-secretos\/\" class=\"more-link\">Leer m\u00e1s<\/a><\/p>\n","protected":false},"author":3,"featured_media":1172,"comment_status":"open","ping_status":"open","sticky":false,"template":"","format":"standard","meta":{"footnotes":""},"categories":[6],"tags":[],"class_list":["post-1171","post","type-post","status-publish","format-standard","has-post-thumbnail","hentry","category-cinetv","entry"],"_links":{"self":[{"href":"https:\/\/lavereda.com.mx\/index.php\/wp-json\/wp\/v2\/posts\/1171","targetHints":{"allow":["GET"]}}],"collection":[{"href":"https:\/\/lavereda.com.mx\/index.php\/wp-json\/wp\/v2\/posts"}],"about":[{"href":"https:\/\/lavereda.com.mx\/index.php\/wp-json\/wp\/v2\/types\/post"}],"author":[{"embeddable":true,"href":"https:\/\/lavereda.com.mx\/index.php\/wp-json\/wp\/v2\/users\/3"}],"replies":[{"embeddable":true,"href":"https:\/\/lavereda.com.mx\/index.php\/wp-json\/wp\/v2\/comments?post=1171"}],"version-history":[{"count":1,"href":"https:\/\/lavereda.com.mx\/index.php\/wp-json\/wp\/v2\/posts\/1171\/revisions"}],"predecessor-version":[{"id":1173,"href":"https:\/\/lavereda.com.mx\/index.php\/wp-json\/wp\/v2\/posts\/1171\/revisions\/1173"}],"wp:featuredmedia":[{"embeddable":true,"href":"https:\/\/lavereda.com.mx\/index.php\/wp-json\/wp\/v2\/media\/1172"}],"wp:attachment":[{"href":"https:\/\/lavereda.com.mx\/index.php\/wp-json\/wp\/v2\/media?parent=1171"}],"wp:term":[{"taxonomy":"category","embeddable":true,"href":"https:\/\/lavereda.com.mx\/index.php\/wp-json\/wp\/v2\/categories?post=1171"},{"taxonomy":"post_tag","embeddable":true,"href":"https:\/\/lavereda.com.mx\/index.php\/wp-json\/wp\/v2\/tags?post=1171"}],"curies":[{"name":"wp","href":"https:\/\/api.w.org\/{rel}","templated":true}]}}