{"id":1169,"date":"2021-01-15T16:00:21","date_gmt":"2021-01-15T16:00:21","guid":{"rendered":"http:\/\/lavereda.com.mx\/?p=1169"},"modified":"2021-01-15T16:00:23","modified_gmt":"2021-01-15T16:00:23","slug":"dia-del-compositor-en-homenaje-a-manzanero","status":"publish","type":"post","link":"https:\/\/lavereda.com.mx\/index.php\/2021\/01\/15\/dia-del-compositor-en-homenaje-a-manzanero\/","title":{"rendered":"D\u00eda del Compositor en homenaje a Manzanero"},"content":{"rendered":"\n<p>La Secretar\u00eda de Cultura del Gobierno de M\u00e9xico se suma a la conmemoraci\u00f3n por el D\u00eda del Compositor, organizada por la Sociedad de Autores y Compositores de M\u00e9xico (SACM), que se llevar\u00e1 a cabo de forma virtual, a trav\u00e9s de redes sociales de SACM (YouTube y Facebook) y de la plataforma Contigo en la distancia (<a href=\"http:\/\/contigoenladistancia.cultura.gob.mx\/\" target=\"_blank\" rel=\"noreferrer noopener\">contigoenladistancia.cultura.gob.mx<\/a>).&nbsp;&nbsp;<\/p>\n\n\n\n<p>El evento, que contar\u00e1 con la participaci\u00f3n de 50 cantautoras y cantautores, ser\u00e1 un homenaje a la vida y obra de Armando Manzanero; se transmitir\u00e1 en directo el viernes 15 de enero, a partir de las 16 horas.&nbsp;&nbsp;<\/p>\n\n\n\n<p>\u201cDesde la Secretar\u00eda de Cultura nos sumamos a la iniciativa del SACM para celebrar Contigo en la distancia, con ustedes, compositoras y compositores del pa\u00eds, su d\u00eda; sus creaciones, su esfuerzo y su trabajo ha sido el remanso donde muchos nos hemos refugiado en esta contingencia sanitaria. Adem\u00e1s, es una excelente oportunidad para recordar y celebrar la vida y obra del maestro Armando Manzanero. Invitamos a todas y todos a sumarse a esta conmemoraci\u00f3n en l\u00ednea que es de entrada gratuita y cupo ilimitado\u201d, coment\u00f3 la secretaria de Cultura del Gobierno de M\u00e9xico, Alejandra Frausto Guerrero.&nbsp;&nbsp;<\/p>\n\n\n\n<p>La iniciativa para conmemorar el D\u00eda del Compositor en M\u00e9xico fue promovida a partir de 1983 por la Sociedad de Autores y Compositores de M\u00fasica (SACM) \u2013 fundado en 1945 como Sindicato Mexicano de Autores, Compositores y Editores de M\u00fasica-; tiene el objetivo de enaltecer la labor de los autores de una obra musical (con o sin letra).&nbsp;<\/p>\n\n\n\n<p><strong>Protecci\u00f3n de los derechos de autor y fomento a la creatividad&nbsp;<\/strong><\/p>\n\n\n\n<p>En este contexto, la Secretar\u00eda de Cultura refrenda el compromiso por trabajar en la actualizaci\u00f3n y fortalecimiento de los derechos de autor, as\u00ed como el reconocimiento de los derechos comunitarios de propiedad intelectual, para que los creadores de contenidos y bienes simb\u00f3licos tengan protecci\u00f3n, como marcan sus ejes de trabajo.&nbsp;&nbsp;<\/p>\n\n\n\n<p>Con este objetivo, a trav\u00e9s del Instituto Nacional del Derecho de Autor se ofrecen asesor\u00edas y se facilita el registro de los derechos autorales de las diversas comunidades art\u00edsticas en M\u00e9xico.&nbsp;<\/p>\n\n\n\n<p>Adem\u00e1s, se ofrecen est\u00edmulos a la creaci\u00f3n, por ejemplo, la Beca \u201cMar\u00eda Grever\u201d, becas para J\u00f3venes Creadores en el \u00e1mbito de la composici\u00f3n musical, para M\u00fasicos tradicionales y, entre j\u00f3venes menores de 40 a\u00f1os, con el apoyo del el Instituto Nacional de Bellas Artes y Literatura (INBAL), el Patronato del Centro Cultural Roberto Cantoral y la Sociedad de Autores y Compositores de M\u00e9xico, presentan cada a\u00f1o la convocatoria del Concurso de Composici\u00f3n Arturo M\u00e1rquez para Orquesta de C\u00e1mara, lo que ha permitido conocer nuevas tendencias musicales en nuestro pa\u00eds.&nbsp;<\/p>\n","protected":false},"excerpt":{"rendered":"<p>La Secretar\u00eda de Cultura del Gobierno de M\u00e9xico se suma a la conmemoraci\u00f3n por el D\u00eda del Compositor, organizada por la Sociedad de Autores y Compositores de M\u00e9xico (SACM), que &hellip; <a href=\"https:\/\/lavereda.com.mx\/index.php\/2021\/01\/15\/dia-del-compositor-en-homenaje-a-manzanero\/\" class=\"more-link\">Leer m\u00e1s<\/a><\/p>\n","protected":false},"author":1,"featured_media":1100,"comment_status":"open","ping_status":"open","sticky":false,"template":"","format":"standard","meta":{"footnotes":""},"categories":[18,4],"tags":[],"class_list":["post-1169","post","type-post","status-publish","format-standard","has-post-thumbnail","hentry","category-lomasrelevante","category-musica","entry"],"_links":{"self":[{"href":"https:\/\/lavereda.com.mx\/index.php\/wp-json\/wp\/v2\/posts\/1169","targetHints":{"allow":["GET"]}}],"collection":[{"href":"https:\/\/lavereda.com.mx\/index.php\/wp-json\/wp\/v2\/posts"}],"about":[{"href":"https:\/\/lavereda.com.mx\/index.php\/wp-json\/wp\/v2\/types\/post"}],"author":[{"embeddable":true,"href":"https:\/\/lavereda.com.mx\/index.php\/wp-json\/wp\/v2\/users\/1"}],"replies":[{"embeddable":true,"href":"https:\/\/lavereda.com.mx\/index.php\/wp-json\/wp\/v2\/comments?post=1169"}],"version-history":[{"count":1,"href":"https:\/\/lavereda.com.mx\/index.php\/wp-json\/wp\/v2\/posts\/1169\/revisions"}],"predecessor-version":[{"id":1170,"href":"https:\/\/lavereda.com.mx\/index.php\/wp-json\/wp\/v2\/posts\/1169\/revisions\/1170"}],"wp:featuredmedia":[{"embeddable":true,"href":"https:\/\/lavereda.com.mx\/index.php\/wp-json\/wp\/v2\/media\/1100"}],"wp:attachment":[{"href":"https:\/\/lavereda.com.mx\/index.php\/wp-json\/wp\/v2\/media?parent=1169"}],"wp:term":[{"taxonomy":"category","embeddable":true,"href":"https:\/\/lavereda.com.mx\/index.php\/wp-json\/wp\/v2\/categories?post=1169"},{"taxonomy":"post_tag","embeddable":true,"href":"https:\/\/lavereda.com.mx\/index.php\/wp-json\/wp\/v2\/tags?post=1169"}],"curies":[{"name":"wp","href":"https:\/\/api.w.org\/{rel}","templated":true}]}}