{"id":1162,"date":"2021-01-15T02:53:57","date_gmt":"2021-01-15T02:53:57","guid":{"rendered":"http:\/\/lavereda.com.mx\/?p=1162"},"modified":"2021-01-15T03:51:57","modified_gmt":"2021-01-15T03:51:57","slug":"atrae-a-laguneros-interpretacion-del-corrido-la-filomena","status":"publish","type":"post","link":"https:\/\/lavereda.com.mx\/index.php\/2021\/01\/15\/atrae-a-laguneros-interpretacion-del-corrido-la-filomena\/","title":{"rendered":"Atrae a laguneros interpretaci\u00f3n de La Filomena"},"content":{"rendered":"\n<p>Transmitir alegr\u00eda y el recuerdo de una identidad lagunera. Con este prop\u00f3sito la Orquesta Sinf\u00f3nica Juvenil de Torre\u00f3n lanz\u00f3 el video de\u00a0<em>La Filomena<\/em>\u00a0a principios de este mes en la cuenta de Facebook del alcalde Jorge Zerme\u00f1o Infante. A la fecha, el video grabado en el Teatro Isauro Mart\u00ednez, lleva m\u00e1s de 25 mil reproducciones y ha despertado el inter\u00e9s y entusiasmo en esta comunidad.<\/p>\n\n\n\n<p><em>La Filomena<\/em>&nbsp;es una de las piezas musicales m\u00e1s populares sobre La Laguna, de autor desconocido y creado en los a\u00f1os veintes despu\u00e9s de la Revoluci\u00f3n. La pieza fue seleccionada para este video, \u201cporque es una obra emblem\u00e1tica de la regi\u00f3n\u201d, coment\u00f3 el director de la orquesta Ethan Eager. Fue grabada en conjunto con el Coro del Instituto de M\u00fasica de Coahuila.<\/p>\n\n\n\n<p>En entrevista el maestro Ethan comparti\u00f3 que la pieza ya forma parte del repertorio de OSIJUT y la orquestaci\u00f3n est\u00e1 hecha por Roberto Rodr\u00edguez Arg\u00fcello, compositor y arreglista lagunero, ex-percusionista de la orquesta y actual timbalista y coordinador de la Orquesta Filarm\u00f3nica Juvenil de Nuevo Le\u00f3n. Es una orquestaci\u00f3n que realiz\u00f3 especialmente para la Sinf\u00f3nica Juvenil desde el 2018, \u201ccomo parte de un esfuerzo por preservar el patrimonio musical de nuestra regi\u00f3n\u201d.<\/p>\n\n\n\n<p>El director se\u00f1al\u00f3 que esta obra la tocaron en vivo&nbsp;en el \u00faltimo concierto de la orquesta antes de que llegara la pandemia, con todo y mariachi.&nbsp;<\/p>\n\n\n\n<blockquote class=\"wp-block-quote is-layout-flow wp-block-quote-is-layout-flow\"><p>\u201cEs una obra muy popular y bella, pensamos que pod\u00edamos ofrecer algo a la ciudad en estos tiempos. Se nos ocurri\u00f3 esta pieza como algo representativo , es algo alegre, no queremos transmitir m\u00e1s depresi\u00f3n, soledad y angustia de la que ya estamos padeciendo en todo el mundo. Quer\u00edamos algo que brillara y nos identificara como laguneros dentro de otro emblema de la ciudad, que es el Teatro Isauro Mart\u00ednez\u201d.<\/p><\/blockquote>\n\n\n\n<p>Para esta grabaci\u00f3n destac\u00f3 que participaron aproximadamente 40 integrantes del coro&nbsp;&nbsp;del INMUS y unos 45 de la orquesta, \u201cambos tienen m\u00e1s integrantes, pero se tuvo que realizar respetando todas las normas de salud y distanciamiento, como se aprecia en el video porque se grab\u00f3 en plena pandemia\u201d.<\/p>\n\n\n\n<p>\u201cRealmente es una pieza que estalla con gozo, con regocijo, con identidad, con gusto, con celebraci\u00f3n. Los j\u00f3venes la tocan con mucha alegria y gusto\u201d, expres\u00f3.<\/p>\n\n\n\n<p><strong><em>\u00bfLa orquesta tiene m\u00e1s piezas grabadas en audio que se den a conocer pronto?<\/em><\/strong><\/p>\n\n\n\n<blockquote class=\"wp-block-quote is-layout-flow wp-block-quote-is-layout-flow\"><p>\u201cDurante toda la pandemia, hemos grabado muchas obras, la mayor\u00eda con ensambles m\u00e1s chicos de los que se ven en el video, en grupos m\u00e1s peque\u00f1os, tr\u00edos, cuartetos, algunas grabadas desde casa. Tenemos un arreglo de&nbsp;<em>Estrellita&nbsp;<\/em>de Manuel M. Ponce, con un ensamble de unos 20 m\u00fasicos. Tambi\u00e9n&nbsp;<em>Cielito Lindo&nbsp;<\/em>con un grupo grande de la oquesta y coro, en nuestras redes sociales pueden encontdar videos de muchos temas, musica naivde\u00f1a, mexicana, muchas tem\u00e1ticas que hemos grabado en casa o en museos y plazas.&nbsp;&nbsp;Seguimos trabajando en producir nuevo material\u00bb.<\/p><\/blockquote>\n\n\n\n<p><strong><em>\u00bfCon qu\u00e9 planes arranca la orquesta este a\u00f1o?<\/em><\/strong><\/p>\n\n\n\n<p>\u201cVamos a arancar de la misma manera que ceramos 2020, seguimos con conciertos virtuales, vamos a preparar uno para marzo, s\u00ed habr\u00e1 ensayos presenciales con peque\u00f1os ensambles para evitar riesgos de contagio. El segundo concierto ser\u00e1 a mediados de junio, la situaci\u00f3n no nos permite planear bien el segundo semestre del a\u00f1o. Esperamos como todos poder regresar pronto al escenario, regresar a ensayos de toda la orquesta en conjunto, esperamos que para agosto sea posible. El deseo ah\u00ed est\u00e1. Seguiremos subieno videos de piezas indivivales durante todo el a\u00f1o, nos mantendremos muy ocupados, esperando el d\u00eda de pisar nuevamente el escenario y recibir otra vez al p\u00fablico de manera presencial\u201d.<\/p>\n\n\n\n<p>Video: <a href=\"https:\/\/fb.watch\/30L9TKVTWT\/\">https:\/\/fb.watch\/30L9TKVTWT\/<\/a><\/p>\n\n\n\n<p><em><strong>Fotos: Armando Casta\u00f1\u00f3n.<\/strong><\/em><\/p>\n\n\n\n<figure class=\"wp-block-image size-large\"><img fetchpriority=\"high\" decoding=\"async\" width=\"1000\" height=\"478\" src=\"https:\/\/lavereda.com.mx\/wp-content\/uploads\/2021\/01\/2021-01-14-a-las-17.29.56.png\" alt=\"\" class=\"wp-image-1164\" srcset=\"https:\/\/lavereda.com.mx\/wp-content\/uploads\/2021\/01\/2021-01-14-a-las-17.29.56.png 1000w, https:\/\/lavereda.com.mx\/wp-content\/uploads\/2021\/01\/2021-01-14-a-las-17.29.56-300x143.png 300w, https:\/\/lavereda.com.mx\/wp-content\/uploads\/2021\/01\/2021-01-14-a-las-17.29.56-768x367.png 768w\" sizes=\"(max-width: 1000px) 100vw, 1000px\" \/><\/figure>\n\n\n\n<p><\/p>\n","protected":false},"excerpt":{"rendered":"<p>Transmitir alegr\u00eda y el recuerdo de una identidad lagunera. Con este prop\u00f3sito la Orquesta Sinf\u00f3nica Juvenil de Torre\u00f3n lanz\u00f3 el video de\u00a0La Filomena\u00a0a principios de este mes en la cuenta &hellip; <a href=\"https:\/\/lavereda.com.mx\/index.php\/2021\/01\/15\/atrae-a-laguneros-interpretacion-del-corrido-la-filomena\/\" class=\"more-link\">Leer m\u00e1s<\/a><\/p>\n","protected":false},"author":9,"featured_media":1163,"comment_status":"open","ping_status":"open","sticky":false,"template":"","format":"standard","meta":{"footnotes":""},"categories":[18,4],"tags":[],"class_list":["post-1162","post","type-post","status-publish","format-standard","has-post-thumbnail","hentry","category-lomasrelevante","category-musica","entry"],"_links":{"self":[{"href":"https:\/\/lavereda.com.mx\/index.php\/wp-json\/wp\/v2\/posts\/1162","targetHints":{"allow":["GET"]}}],"collection":[{"href":"https:\/\/lavereda.com.mx\/index.php\/wp-json\/wp\/v2\/posts"}],"about":[{"href":"https:\/\/lavereda.com.mx\/index.php\/wp-json\/wp\/v2\/types\/post"}],"author":[{"embeddable":true,"href":"https:\/\/lavereda.com.mx\/index.php\/wp-json\/wp\/v2\/users\/9"}],"replies":[{"embeddable":true,"href":"https:\/\/lavereda.com.mx\/index.php\/wp-json\/wp\/v2\/comments?post=1162"}],"version-history":[{"count":4,"href":"https:\/\/lavereda.com.mx\/index.php\/wp-json\/wp\/v2\/posts\/1162\/revisions"}],"predecessor-version":[{"id":1168,"href":"https:\/\/lavereda.com.mx\/index.php\/wp-json\/wp\/v2\/posts\/1162\/revisions\/1168"}],"wp:featuredmedia":[{"embeddable":true,"href":"https:\/\/lavereda.com.mx\/index.php\/wp-json\/wp\/v2\/media\/1163"}],"wp:attachment":[{"href":"https:\/\/lavereda.com.mx\/index.php\/wp-json\/wp\/v2\/media?parent=1162"}],"wp:term":[{"taxonomy":"category","embeddable":true,"href":"https:\/\/lavereda.com.mx\/index.php\/wp-json\/wp\/v2\/categories?post=1162"},{"taxonomy":"post_tag","embeddable":true,"href":"https:\/\/lavereda.com.mx\/index.php\/wp-json\/wp\/v2\/tags?post=1162"}],"curies":[{"name":"wp","href":"https:\/\/api.w.org\/{rel}","templated":true}]}}