{"id":1160,"date":"2021-01-14T01:34:01","date_gmt":"2021-01-14T01:34:01","guid":{"rendered":"http:\/\/lavereda.com.mx\/?p=1160"},"modified":"2021-01-14T01:34:04","modified_gmt":"2021-01-14T01:34:04","slug":"cuentos-desde-mi-ventana-episodio-5-capitan-cubre-bocas","status":"publish","type":"post","link":"https:\/\/lavereda.com.mx\/index.php\/2021\/01\/14\/cuentos-desde-mi-ventana-episodio-5-capitan-cubre-bocas\/","title":{"rendered":"Cuentos desde mi ventana. Episodio 5: Capit\u00e1n Cubre bocas"},"content":{"rendered":"\n<p>\u00bfT\u00fa has imaginado un s\u00faper h\u00e9roe con cubre bocas, que nos ayude a combatir el coronavirus?<\/p>\n\n\n\n<p>Te invitamos a escuchar este audio cuento que prepar\u00f3 \u201cAmonite\u201d, una p\u00e1gina de ciencia, tecnolog\u00eda para ni\u00f1os y mucho m\u00e1s:<\/p>\n\n\n\n<p>Despu\u00e9s de escucharlo, puedes compartirlo con tus amigos y familiares:<\/p>\n\n\n\n<figure class=\"wp-block-embed-youtube wp-block-embed is-type-video is-provider-youtube wp-embed-aspect-4-3 wp-has-aspect-ratio\"><div class=\"wp-block-embed__wrapper\">\n<iframe title=\"Cuentos desde mi ventana - 05 - Capit\u00e1n Cubrebocas\" width=\"1170\" height=\"878\" src=\"https:\/\/www.youtube.com\/embed\/3j5UI78BkFU?feature=oembed\" frameborder=\"0\" allow=\"accelerometer; autoplay; clipboard-write; encrypted-media; gyroscope; picture-in-picture\" allowfullscreen><\/iframe>\n<\/div><\/figure>\n","protected":false},"excerpt":{"rendered":"<p>\u00bfT\u00fa has imaginado un s\u00faper h\u00e9roe con cubre bocas, que nos ayude a combatir el coronavirus? Te invitamos a escuchar este audio cuento que prepar\u00f3 \u201cAmonite\u201d, una p\u00e1gina de ciencia, &hellip; <a href=\"https:\/\/lavereda.com.mx\/index.php\/2021\/01\/14\/cuentos-desde-mi-ventana-episodio-5-capitan-cubre-bocas\/\" class=\"more-link\">Leer m\u00e1s<\/a><\/p>\n","protected":false},"author":1,"featured_media":886,"comment_status":"open","ping_status":"open","sticky":false,"template":"","format":"standard","meta":{"footnotes":""},"categories":[10,18],"tags":[],"class_list":["post-1160","post","type-post","status-publish","format-standard","has-post-thumbnail","hentry","category-la-vereda-infantil","category-lomasrelevante","entry"],"_links":{"self":[{"href":"https:\/\/lavereda.com.mx\/index.php\/wp-json\/wp\/v2\/posts\/1160","targetHints":{"allow":["GET"]}}],"collection":[{"href":"https:\/\/lavereda.com.mx\/index.php\/wp-json\/wp\/v2\/posts"}],"about":[{"href":"https:\/\/lavereda.com.mx\/index.php\/wp-json\/wp\/v2\/types\/post"}],"author":[{"embeddable":true,"href":"https:\/\/lavereda.com.mx\/index.php\/wp-json\/wp\/v2\/users\/1"}],"replies":[{"embeddable":true,"href":"https:\/\/lavereda.com.mx\/index.php\/wp-json\/wp\/v2\/comments?post=1160"}],"version-history":[{"count":1,"href":"https:\/\/lavereda.com.mx\/index.php\/wp-json\/wp\/v2\/posts\/1160\/revisions"}],"predecessor-version":[{"id":1161,"href":"https:\/\/lavereda.com.mx\/index.php\/wp-json\/wp\/v2\/posts\/1160\/revisions\/1161"}],"wp:featuredmedia":[{"embeddable":true,"href":"https:\/\/lavereda.com.mx\/index.php\/wp-json\/wp\/v2\/media\/886"}],"wp:attachment":[{"href":"https:\/\/lavereda.com.mx\/index.php\/wp-json\/wp\/v2\/media?parent=1160"}],"wp:term":[{"taxonomy":"category","embeddable":true,"href":"https:\/\/lavereda.com.mx\/index.php\/wp-json\/wp\/v2\/categories?post=1160"},{"taxonomy":"post_tag","embeddable":true,"href":"https:\/\/lavereda.com.mx\/index.php\/wp-json\/wp\/v2\/tags?post=1160"}],"curies":[{"name":"wp","href":"https:\/\/api.w.org\/{rel}","templated":true}]}}