{"id":1142,"date":"2021-01-10T16:42:31","date_gmt":"2021-01-10T16:42:31","guid":{"rendered":"http:\/\/lavereda.com.mx\/?p=1142"},"modified":"2021-01-10T16:42:33","modified_gmt":"2021-01-10T16:42:33","slug":"opina-74-que-tomar-clases-por-tv-es-preferible-a-no-tener-clases-encuesta","status":"publish","type":"post","link":"https:\/\/lavereda.com.mx\/index.php\/2021\/01\/10\/opina-74-que-tomar-clases-por-tv-es-preferible-a-no-tener-clases-encuesta\/","title":{"rendered":"Opina 74% que tomar clases por TV es preferible a no tener clases: encuesta"},"content":{"rendered":"\n<p>Ciudad de M\u00e9xico.- Ante la nueva realidad que se vive por la emergencia sanitaria de COVID-19, 76% de la poblaci\u00f3n coincide en que la alternativa implementada por el gobierno federal de impartir lecciones por TV o radio fue una soluci\u00f3n r\u00e1pida para no perder el ciclo escolar y 74% concuerda en que tomar clases por televisi\u00f3n es preferible a no tenerlas, aunque 26% opina que tomar lecciones as\u00ed es una p\u00e9rdida de tiempo.<\/p>\n\n\n\n<p>De acuerdo con la encuesta realizada por el&nbsp;<strong>Centro de Opini\u00f3n P\u00fablica de la Universidad del Valle de M\u00e9xico,<\/strong>&nbsp;<strong><em>Opini\u00f3n sobre la estrategia educativa Aprende en casa<\/em><\/strong>, 46% de los participantes cree que un alumno de nivel b\u00e1sico puede aprender viendo programas educativos en la televisi\u00f3n. Entre quienes han tenido oportunidad de ver los contenidos que est\u00e1n transmiti\u00e9ndose por TV, 63% piensa que se puede aprender con estas lecciones, 64% indica que la explicaci\u00f3n de la persona es clara, 53% considera que las lecciones son atractivas y 42% entretenidas, para los alumnos. No obstante, 52% indica que no es posible medir los avances o progresos de los estudiantes que han tomado estas lecciones y 31% desconoce si los ni\u00f1os ser\u00e1n evaluados.&nbsp;<\/p>\n\n\n\n<p>A punto de iniciar\u00a0<em>Aprende en casa III<\/em>, el tema de aprendizaje y preparaci\u00f3n de los alumnos genera incertidumbre sobre el presente y futuro educativo, por ejemplo 94% estima que es probable que los estudiantes se reincorporen a clases con desventajas, tambi\u00e9n se piensa que es probable que incremente el abandono escolar en el nivel primaria (77%), secundaria y bachillerato (82%). Adicionalmente, 34% opina que las condiciones en que los ni\u00f1os est\u00e1n tomando clase actualmente generar\u00e1 una brecha educativa, para 46% esta brecha ya existe y se ampliar\u00e1, 17% considera que esa brecha se acortar\u00e1 y para 3% desaparecer\u00e1.<\/p>\n\n\n\n<blockquote class=\"wp-block-quote is-layout-flow wp-block-quote-is-layout-flow\"><p>Sobre el regreso a clases presenciales, las autoridades han declarado que est\u00e1 fincado en el sem\u00e1foro epidemiol\u00f3gico y en estrategias como el retorno escalonado o un sistema h\u00edbrido. Al respecto, 45% ve probable volver a la escuela de manera presencial el primer trimestre del a\u00f1o, para 76% es probable el regreso en forma escalonada y para 84% de los entrevistados es factible que los alumnos reciban la educaci\u00f3n escolar bajo un sistema h\u00edbrido.<\/p><\/blockquote>\n\n\n\n<p>Pensando en la reincorporaci\u00f3n a las clases presenciales, 79% considera que para los alumnos ser\u00eda ideal repasar los temas vistos durante la pandemia, solo 21% estima que ser\u00eda conveniente continuar con el temario.&nbsp;<\/p>\n\n\n\n<p>Con la interrupci\u00f3n de clases presenciales a causa del COVID-19, la educaci\u00f3n a distancia fue la alternativa considerada por las autoridades. Sin embargo, 69% cree que M\u00e9xico no cuenta con condiciones para tomar clases a distancia, incluso 93% piensa que esta modalidad educativa pone en evidencia las desigualdades del pa\u00eds, en gran medida por la falta de recursos tecnol\u00f3gicos.<\/p>\n\n\n\n<p><em>Aprende en casa<\/em>&nbsp;involucr\u00f3 a autoridades, maestros, alumnos y padres de familia en un proceso educativo a distancia que, en opini\u00f3n de los entrevistados, no ha resultado sencillo, 84% piensa que para los padres de familia es estresante que los hijos est\u00e9n recibiendo educaci\u00f3n desde casa, y 83% considera que esta sensaci\u00f3n es experimentada por los alumnos por no asistir a la escuela. 68% estima que para los padres de familia es dif\u00edcil organizarse con las clases, apoyar a los hijos con las dudas (65%), con las tareas (61%), apoyar con las aplicaciones de internet (55%) o correos electr\u00f3nicos (51%).<\/p>\n\n\n\n<p>Finalmente, al reflexionar sobre los aprendizajes que ha dejado la pandemia en el plano educativo, 40% dijo que es posible adaptarnos a nuevas formas de ense\u00f1anza, 24% al manejo de herramientas tecnol\u00f3gicas y que es posible aprender sin necesidad de asistir a la escuela (18%).<\/p>\n","protected":false},"excerpt":{"rendered":"<p>Ciudad de M\u00e9xico.- Ante la nueva realidad que se vive por la emergencia sanitaria de COVID-19, 76% de la poblaci\u00f3n coincide en que la alternativa implementada por el gobierno federal &hellip; <a href=\"https:\/\/lavereda.com.mx\/index.php\/2021\/01\/10\/opina-74-que-tomar-clases-por-tv-es-preferible-a-no-tener-clases-encuesta\/\" class=\"more-link\">Leer m\u00e1s<\/a><\/p>\n","protected":false},"author":1,"featured_media":1143,"comment_status":"open","ping_status":"open","sticky":false,"template":"","format":"standard","meta":{"footnotes":""},"categories":[18,8],"tags":[],"class_list":["post-1142","post","type-post","status-publish","format-standard","has-post-thumbnail","hentry","category-lomasrelevante","category-sociedad","entry"],"_links":{"self":[{"href":"https:\/\/lavereda.com.mx\/index.php\/wp-json\/wp\/v2\/posts\/1142","targetHints":{"allow":["GET"]}}],"collection":[{"href":"https:\/\/lavereda.com.mx\/index.php\/wp-json\/wp\/v2\/posts"}],"about":[{"href":"https:\/\/lavereda.com.mx\/index.php\/wp-json\/wp\/v2\/types\/post"}],"author":[{"embeddable":true,"href":"https:\/\/lavereda.com.mx\/index.php\/wp-json\/wp\/v2\/users\/1"}],"replies":[{"embeddable":true,"href":"https:\/\/lavereda.com.mx\/index.php\/wp-json\/wp\/v2\/comments?post=1142"}],"version-history":[{"count":1,"href":"https:\/\/lavereda.com.mx\/index.php\/wp-json\/wp\/v2\/posts\/1142\/revisions"}],"predecessor-version":[{"id":1144,"href":"https:\/\/lavereda.com.mx\/index.php\/wp-json\/wp\/v2\/posts\/1142\/revisions\/1144"}],"wp:featuredmedia":[{"embeddable":true,"href":"https:\/\/lavereda.com.mx\/index.php\/wp-json\/wp\/v2\/media\/1143"}],"wp:attachment":[{"href":"https:\/\/lavereda.com.mx\/index.php\/wp-json\/wp\/v2\/media?parent=1142"}],"wp:term":[{"taxonomy":"category","embeddable":true,"href":"https:\/\/lavereda.com.mx\/index.php\/wp-json\/wp\/v2\/categories?post=1142"},{"taxonomy":"post_tag","embeddable":true,"href":"https:\/\/lavereda.com.mx\/index.php\/wp-json\/wp\/v2\/tags?post=1142"}],"curies":[{"name":"wp","href":"https:\/\/api.w.org\/{rel}","templated":true}]}}