{"id":1134,"date":"2021-01-08T16:25:35","date_gmt":"2021-01-08T16:25:35","guid":{"rendered":"http:\/\/lavereda.com.mx\/?p=1134"},"modified":"2021-01-08T16:25:37","modified_gmt":"2021-01-08T16:25:37","slug":"inician-actividades-museos-de-torreon-y-coahuila","status":"publish","type":"post","link":"https:\/\/lavereda.com.mx\/index.php\/2021\/01\/08\/inician-actividades-museos-de-torreon-y-coahuila\/","title":{"rendered":"Inician actividades museos de Torre\u00f3n y Coahuila"},"content":{"rendered":"\n<p>La Secretar\u00eda de Cultura de Coahuila (SC) dio a conocer que los recintos pertenecientes a la Red Estatal de Museos se encuentra listos para continuar brindando servicio durante 2021.<\/p>\n\n\n\n<p>Ana Sof\u00eda Garc\u00eda Camil, titular de Cultura, se\u00f1al\u00f3 que siguiendo los protocolos establecidos y todas las normas sanitarias, todos los recintos culturales permanecer\u00e1n ofreciendo actividades y recorridos virtuales.<\/p>\n\n\n\n<blockquote class=\"wp-block-quote is-layout-flow wp-block-quote-is-layout-flow\"><p>\u201cEste a\u00f1o que inicia estamos preparando much\u00edsimas actividades art\u00edsticas y culturales, esto de la mano con los diversos museos que existen en la entidad\u201d, dijo, \u201clas cuales iremos dando a conocer en nuestras redes sociales, mismas que seguir\u00e1n siendo un constante apoyo en 2021\u201d, dijo.<\/p><\/blockquote>\n\n\n\n<p>Las actividades seguir\u00e1n presentes a trav\u00e9s de La Cultura Nos Une En L\u00ednea, gracias a la cual personas de toda la entidad y del pa\u00eds pueden acceder a los distintos recorridos virtuales que se han realizado de los museos en la entidad.<\/p>\n\n\n\n<p>En otro tema, la funcionaria estatal inform\u00f3 que el Museo de la Revoluci\u00f3n en la Ciudad de Torre\u00f3n cuenta con una nueva encargada, en la persona de Irma Hortencia Espinosa Trujillo.<\/p>\n\n\n\n<p>Es Licenciada en Administraci\u00f3n de Empresa Tur\u00edstica y ha fungido como como enlace administrativo en el mismo museo.<\/p>\n\n\n\n<p>Finalmente, extendi\u00f3 la invitaci\u00f3n a todos a visitar todos los museos, siempre cuidando las medidas sanitarias pertinentes para poder disfrutar de cada uno de ellos de manera segura y responsable.<\/p>\n\n\n\n<p><strong>CAMBIOS EN MUSEO DEL ALGOD\u00d3N<\/strong><\/p>\n\n\n\n<p>Por otra parte, El\u00edas Ag\u00fcero, director de cultura en Torre\u00f3n inform\u00f3 que el maestro Belarmino Rimada Pe\u00f1a, asumir\u00e1 la direcci\u00f3n del Museo del Algod\u00f3n de manera interina en lo que se nombra a la persona que quedar\u00e1 como\u00a0\u00a0titular de la direcci\u00f3n de dicho recinto.\u00a0<\/p>\n\n\n\n<p>Esto se da, luego de que el pasado mes de diciembre, lamentablemente falleciera la Sra. Leonor Lobo de Gonz\u00e1lez, quien se desempe\u00f1ara como directora del Museo del Algod\u00f3n por 17 a\u00f1os hasta su fallecimiento. La Sra. Lobo dej\u00f3 algunos proyectos en puerta, mismos que se continuar\u00e1n trabajando. A su vez se buscar\u00e1 el momento id\u00f3neo para rendirle homenaje a su trayectoria.<\/p>\n\n\n\n<p>Dio a conocer que los museos municipales, es decir, el Museo del Ferrocarril, del Algod\u00f3n, de la Moneda, Casa del Cerro y Canal de la Perla, reabrieron sus puertas este d\u00eda lunes luego del periodo vacacional y continuar\u00e1n este 2021 trabajando en horario de contingencia, que es de lunes a viernes de 10 am a 3 pm, apegados a todos los protocolos sanitario.<\/p>\n","protected":false},"excerpt":{"rendered":"<p>La Secretar\u00eda de Cultura de Coahuila (SC) dio a conocer que los recintos pertenecientes a la Red Estatal de Museos se encuentra listos para continuar brindando servicio durante 2021. Ana &hellip; <a href=\"https:\/\/lavereda.com.mx\/index.php\/2021\/01\/08\/inician-actividades-museos-de-torreon-y-coahuila\/\" class=\"more-link\">Leer m\u00e1s<\/a><\/p>\n","protected":false},"author":1,"featured_media":531,"comment_status":"open","ping_status":"open","sticky":false,"template":"","format":"standard","meta":{"footnotes":""},"categories":[3,18],"tags":[],"class_list":["post-1134","post","type-post","status-publish","format-standard","has-post-thumbnail","hentry","category-artes-visuales","category-lomasrelevante","entry"],"_links":{"self":[{"href":"https:\/\/lavereda.com.mx\/index.php\/wp-json\/wp\/v2\/posts\/1134","targetHints":{"allow":["GET"]}}],"collection":[{"href":"https:\/\/lavereda.com.mx\/index.php\/wp-json\/wp\/v2\/posts"}],"about":[{"href":"https:\/\/lavereda.com.mx\/index.php\/wp-json\/wp\/v2\/types\/post"}],"author":[{"embeddable":true,"href":"https:\/\/lavereda.com.mx\/index.php\/wp-json\/wp\/v2\/users\/1"}],"replies":[{"embeddable":true,"href":"https:\/\/lavereda.com.mx\/index.php\/wp-json\/wp\/v2\/comments?post=1134"}],"version-history":[{"count":1,"href":"https:\/\/lavereda.com.mx\/index.php\/wp-json\/wp\/v2\/posts\/1134\/revisions"}],"predecessor-version":[{"id":1135,"href":"https:\/\/lavereda.com.mx\/index.php\/wp-json\/wp\/v2\/posts\/1134\/revisions\/1135"}],"wp:featuredmedia":[{"embeddable":true,"href":"https:\/\/lavereda.com.mx\/index.php\/wp-json\/wp\/v2\/media\/531"}],"wp:attachment":[{"href":"https:\/\/lavereda.com.mx\/index.php\/wp-json\/wp\/v2\/media?parent=1134"}],"wp:term":[{"taxonomy":"category","embeddable":true,"href":"https:\/\/lavereda.com.mx\/index.php\/wp-json\/wp\/v2\/categories?post=1134"},{"taxonomy":"post_tag","embeddable":true,"href":"https:\/\/lavereda.com.mx\/index.php\/wp-json\/wp\/v2\/tags?post=1134"}],"curies":[{"name":"wp","href":"https:\/\/api.w.org\/{rel}","templated":true}]}}