{"id":1131,"date":"2021-01-06T18:38:25","date_gmt":"2021-01-06T18:38:25","guid":{"rendered":"http:\/\/lavereda.com.mx\/?p=1131"},"modified":"2021-01-06T18:38:27","modified_gmt":"2021-01-06T18:38:27","slug":"artes-escenicas-logran-mas-de-100-mil-espectadores","status":"publish","type":"post","link":"https:\/\/lavereda.com.mx\/index.php\/2021\/01\/06\/artes-escenicas-logran-mas-de-100-mil-espectadores\/","title":{"rendered":"Artes esc\u00e9nicas logran m\u00e1s de 100 mil espectadores"},"content":{"rendered":"\n<p>Las Artes Esc\u00e9nicas coahuilenses lograron un aumento de p\u00fablico durante la pandemia gracias a las plataformas digitales, inform\u00f3 la Secretar\u00eda de Cultura de Coahuila en un comunicado.<\/p>\n\n\n\n<blockquote class=\"wp-block-quote is-layout-flow wp-block-quote-is-layout-flow\"><p>\u201cLas nuevas tecnolog\u00edas permitieron la difusi\u00f3n internacional de las Artes Esc\u00e9nicas que se producen en Coahuila; nos sintonizaron en pa\u00edses tan lejanos como Colombia, Espa\u00f1a, Estados Unidos y la India, entre otros\u201d, expres\u00f3 la Secretaria de Cultura, Ana Sof\u00eda Garc\u00eda Camil.\u00a0<\/p><\/blockquote>\n\n\n\n<p>Con las plataformas digitales el sector cultural se adapt\u00f3 r\u00e1pidamente, y las Artes Esc\u00e9nicas resurgieron, logrando tener m\u00e1s de 100 mil espectadores en l\u00ednea, personas de todos los municipios de la entidad, as\u00ed como nacionales y extranjeros.<\/p>\n\n\n\n<p>Dentro de las actividades que se presentaron en l\u00ednea destacan: Las lecturas de Edgar Allan Poe, obras teatrales de grupos locales, una gran participaci\u00f3n fue de alumnos de secundaria de Minas de Barroter\u00e1n, localidad del Municipio de Progreso, quienes aprendieron canto con el m\u00e9todo de la soprano Alejandra L\u00f3pez.&nbsp;<\/p>\n\n\n\n<p>\u201cHubo muchos aciertos en las artes esc\u00e9nicas, uno de ellos fue el tradicional \u2018Desconcierto a cuatro manos\u2019, una obra que se estren\u00f3 hace m\u00e1s de una d\u00e9cada y que cuenta con m\u00e1s de 300 representaciones, que lleg\u00f3 a las pantallas de miles de coahuilenses que lo pudieron disfrutar por primera vez gracias a las redes sociales\u201d, mencion\u00f3 Garc\u00eda Camil.<\/p>\n\n\n\n<p>Asimismo, durante el presente periodo de contingencia sanitaria se han presentado para disfrute de los coahuilenses m\u00e1s de 100 actividades teatrales a trav\u00e9s de las plataformas digitales, con m\u00e1s de 35 mil reproducciones.<\/p>\n\n\n\n<p>Por \u00faltimo, se inform\u00f3 que para que las y los creadores de las disciplinas de teatro, danza, m\u00fasica y \u00f3pera coahuilenses contin\u00faen con la promoci\u00f3n de sus obras y fortalecimiento de sus disciplinas, se les invit\u00f3 a participar en la convocatoria \u201cTerritorio Esc\u00e9nico 2020\u201d, que se llev\u00f3 a cabo en coordinaci\u00f3n con los proyectos de Apoyo a Instituciones Estatales de Cultura (AIEC).<\/p>\n","protected":false},"excerpt":{"rendered":"<p>Las Artes Esc\u00e9nicas coahuilenses lograron un aumento de p\u00fablico durante la pandemia gracias a las plataformas digitales, inform\u00f3 la Secretar\u00eda de Cultura de Coahuila en un comunicado. \u201cLas nuevas tecnolog\u00edas &hellip; <a href=\"https:\/\/lavereda.com.mx\/index.php\/2021\/01\/06\/artes-escenicas-logran-mas-de-100-mil-espectadores\/\" class=\"more-link\">Leer m\u00e1s<\/a><\/p>\n","protected":false},"author":1,"featured_media":1132,"comment_status":"open","ping_status":"open","sticky":false,"template":"","format":"standard","meta":{"footnotes":""},"categories":[2,18],"tags":[],"class_list":["post-1131","post","type-post","status-publish","format-standard","has-post-thumbnail","hentry","category-artes-escenicas","category-lomasrelevante","entry"],"_links":{"self":[{"href":"https:\/\/lavereda.com.mx\/index.php\/wp-json\/wp\/v2\/posts\/1131","targetHints":{"allow":["GET"]}}],"collection":[{"href":"https:\/\/lavereda.com.mx\/index.php\/wp-json\/wp\/v2\/posts"}],"about":[{"href":"https:\/\/lavereda.com.mx\/index.php\/wp-json\/wp\/v2\/types\/post"}],"author":[{"embeddable":true,"href":"https:\/\/lavereda.com.mx\/index.php\/wp-json\/wp\/v2\/users\/1"}],"replies":[{"embeddable":true,"href":"https:\/\/lavereda.com.mx\/index.php\/wp-json\/wp\/v2\/comments?post=1131"}],"version-history":[{"count":1,"href":"https:\/\/lavereda.com.mx\/index.php\/wp-json\/wp\/v2\/posts\/1131\/revisions"}],"predecessor-version":[{"id":1133,"href":"https:\/\/lavereda.com.mx\/index.php\/wp-json\/wp\/v2\/posts\/1131\/revisions\/1133"}],"wp:featuredmedia":[{"embeddable":true,"href":"https:\/\/lavereda.com.mx\/index.php\/wp-json\/wp\/v2\/media\/1132"}],"wp:attachment":[{"href":"https:\/\/lavereda.com.mx\/index.php\/wp-json\/wp\/v2\/media?parent=1131"}],"wp:term":[{"taxonomy":"category","embeddable":true,"href":"https:\/\/lavereda.com.mx\/index.php\/wp-json\/wp\/v2\/categories?post=1131"},{"taxonomy":"post_tag","embeddable":true,"href":"https:\/\/lavereda.com.mx\/index.php\/wp-json\/wp\/v2\/tags?post=1131"}],"curies":[{"name":"wp","href":"https:\/\/api.w.org\/{rel}","templated":true}]}}