{"id":1125,"date":"2021-01-04T22:02:11","date_gmt":"2021-01-04T22:02:11","guid":{"rendered":"http:\/\/lavereda.com.mx\/?p=1125"},"modified":"2021-01-04T22:02:13","modified_gmt":"2021-01-04T22:02:13","slug":"el-invierno-que-se-queda","status":"publish","type":"post","link":"https:\/\/lavereda.com.mx\/index.php\/2021\/01\/04\/el-invierno-que-se-queda\/","title":{"rendered":"El invierno que se queda"},"content":{"rendered":"\n<p>Recogimiento, b\u00fasqueda fren\u00e9tica de recetas, comida en el horno, pel\u00edculas y libros. Todo esto hab\u00eda acompa\u00f1ado los inviernos en el pasado como en el presente. S\u00f3lo que ahora tambi\u00e9n es para algunas personas miedo o a\u00f1oranza. Miedo de saber \u00bfqu\u00e9 sigue despu\u00e9s?&nbsp;<\/p>\n\n\n\n<p>Ser\u00eda optimista pensar que la mayor\u00eda de nosotros estuvimos en casa. Cocinamos, reparamos algo, ordenamos cl\u00f3sets y libreros. Hasta nos hartamos del encierro. Pero, al paso de los primeros d\u00edas de enero veremos si en realidad la gente guard\u00f3 las ansias de los encuentros y con ello puso freno a los contagios por el Covid.<\/p>\n\n\n\n<p>En cualquiera de los escenarios, la angustia prevalece. Los primeros d\u00edas del a\u00f1o suelen llegar como una r\u00e1faga de aire helado, como un despertar abrupto y sin remedio. El invierno, despu\u00e9s de las fiestas, en algunos casos te deja cansada y triste. No sabes c\u00f3mo llenar los primeros d\u00edas sin ser tener que mantenerte positiva, entusiasta y por otro lado, buscas en tu propio mundo si te quedaron ganas de planear, despu\u00e9s de un a\u00f1o tan denso.<\/p>\n\n\n\n<p>Enero es un mes largo y poco afectuoso. En la tercer semana aparece el famoso&nbsp;<em>blue monday<\/em>&nbsp;(el d\u00eda m\u00e1s triste del a\u00f1o seg\u00fan pron\u00f3sticos) bajan ingresos y aumentan las cuentas por pagar.&nbsp;&nbsp;Pero antes, este mes te permit\u00eda vislumbrar la primavera, un marzo o abril de exteriores, de encuentros y de un posible viaje. Y ahora no sabemos si lo tendremos.<\/p>\n\n\n\n<blockquote class=\"wp-block-quote is-layout-flow wp-block-quote-is-layout-flow\"><p>El invierno, el mes de enero, me provoca esa extra\u00f1a sensaci\u00f3n de vac\u00edo. El vac\u00edo que dejan los escasos, esperados y muy cortos encuentros. La nostalgia de las cajas vac\u00edas, las envolturas a\u00fan en los contenedores. Las paredes heladas, los muros que nos contienen, nos recuerdan que aun queda mucho tiempo por vivir adentro.<\/p><\/blockquote>\n\n\n\n<p>Pero los recuerdos se cuelan. Y entonces la memoria te regresa a un mes de enero donde se pod\u00eda viajar porque los costos bajaban y los aeropuertos se liberaban un poco. Como aquella vez, hace mucho, que compr\u00e9 mi primer viaje a Madrid. \u00bfSer\u00e1 que podr\u00e9 volver?<\/p>\n\n\n\n<p>Todav\u00eda queda mucho invierno por delante. Ojal\u00e1 que pueda llenar el m\u00edo de otras tonalidades, con olor perpetuo a caf\u00e9 y que no sea tan eterno como las tardes de domingo o esos inicios de semana de gris oficina, sin luces que se cuelen por las rendijas.<\/p>\n\n\n\n<p>Mientras tanto suena la letra de una canci\u00f3n:&nbsp;<em>\u201cque si el invierno viene fr\u00edo, quiero estar junto a ti\u201d.<\/em><\/p>\n","protected":false},"excerpt":{"rendered":"<p>Recogimiento, b\u00fasqueda fren\u00e9tica de recetas, comida en el horno, pel\u00edculas y libros. Todo esto hab\u00eda acompa\u00f1ado los inviernos en el pasado como en el presente. S\u00f3lo que ahora tambi\u00e9n es &hellip; <a href=\"https:\/\/lavereda.com.mx\/index.php\/2021\/01\/04\/el-invierno-que-se-queda\/\" class=\"more-link\">Leer m\u00e1s<\/a><\/p>\n","protected":false},"author":9,"featured_media":1126,"comment_status":"open","ping_status":"open","sticky":false,"template":"","format":"standard","meta":{"footnotes":""},"categories":[18,9],"tags":[],"class_list":["post-1125","post","type-post","status-publish","format-standard","has-post-thumbnail","hentry","category-lomasrelevante","category-opinion","entry"],"_links":{"self":[{"href":"https:\/\/lavereda.com.mx\/index.php\/wp-json\/wp\/v2\/posts\/1125","targetHints":{"allow":["GET"]}}],"collection":[{"href":"https:\/\/lavereda.com.mx\/index.php\/wp-json\/wp\/v2\/posts"}],"about":[{"href":"https:\/\/lavereda.com.mx\/index.php\/wp-json\/wp\/v2\/types\/post"}],"author":[{"embeddable":true,"href":"https:\/\/lavereda.com.mx\/index.php\/wp-json\/wp\/v2\/users\/9"}],"replies":[{"embeddable":true,"href":"https:\/\/lavereda.com.mx\/index.php\/wp-json\/wp\/v2\/comments?post=1125"}],"version-history":[{"count":1,"href":"https:\/\/lavereda.com.mx\/index.php\/wp-json\/wp\/v2\/posts\/1125\/revisions"}],"predecessor-version":[{"id":1127,"href":"https:\/\/lavereda.com.mx\/index.php\/wp-json\/wp\/v2\/posts\/1125\/revisions\/1127"}],"wp:featuredmedia":[{"embeddable":true,"href":"https:\/\/lavereda.com.mx\/index.php\/wp-json\/wp\/v2\/media\/1126"}],"wp:attachment":[{"href":"https:\/\/lavereda.com.mx\/index.php\/wp-json\/wp\/v2\/media?parent=1125"}],"wp:term":[{"taxonomy":"category","embeddable":true,"href":"https:\/\/lavereda.com.mx\/index.php\/wp-json\/wp\/v2\/categories?post=1125"},{"taxonomy":"post_tag","embeddable":true,"href":"https:\/\/lavereda.com.mx\/index.php\/wp-json\/wp\/v2\/tags?post=1125"}],"curies":[{"name":"wp","href":"https:\/\/api.w.org\/{rel}","templated":true}]}}