{"id":1105,"date":"2020-12-29T22:01:59","date_gmt":"2020-12-29T22:01:59","guid":{"rendered":"http:\/\/lavereda.com.mx\/?p=1105"},"modified":"2020-12-30T15:43:31","modified_gmt":"2020-12-30T15:43:31","slug":"2020-sube-creatividad-digital-y-bajan-recursos","status":"publish","type":"post","link":"https:\/\/lavereda.com.mx\/index.php\/2020\/12\/29\/2020-sube-creatividad-digital-y-bajan-recursos\/","title":{"rendered":"2020: sube creatividad digital y bajan recursos"},"content":{"rendered":"\n<ul class=\"wp-block-list\"><li><strong>RESUMEN ANUAL<\/strong><\/li><\/ul>\n\n\n\n<p>El cierre de espacios culturales fue inminente desde marzo del 2020 y sin vuelta atr\u00e1s hasta el mes de septiembre, cuando poco a poco se dio luz verde para que los museos abrieran por un periodo corto sus puertas. En La Vereda informamos cada paso que se dio por el sector creativo y art\u00edstico de La Laguna y parte de M\u00e9xico, para hacer m\u00e1s llevadera esta pandemia.<\/p>\n\n\n\n<p>En una reflexi\u00f3n hacia el cierre de a\u00f1o, recordamos c\u00f3mo en los meses anteriores los principales acontecimientos art\u00edsticos se fueron cancelando y otros migraron al formato digital:<\/p>\n\n\n\n<p>En Coahuila se suspendieron la Feria Internacional del Libro de Arteaga y el Festival Internacional de las Artes Julio Torri. En su lugar se abri\u00f3 el espacio virtual Leerte Cerca y se lanzaron dos convocatorias para que los artistas recibieran apoyo por su trabajo virtual: Arte Resiliente y Territorio Esc\u00e9nico.<\/p>\n\n\n\n<p>A nivel nacional todos los festivales se cancelaron, los m\u00e1s relevantes como el Cervantino y la Feria Internacional del Libro migraron al formato digital. El Cervantino anunci\u00f3 primero la cancelaci\u00f3n de su edici\u00f3n presencial, pero la feria del libro m\u00e1s importante de habla hispana en el mundo, mantuvo las esperanzas hasta el final\u2026<\/p>\n\n\n\n<p>Incluso realiz\u00f3 propuestas de un posible escenario presencial en las instalaciones de la Universidad de Guadalajara con mucho menos aforo, pero semanas antes al inicio de actividades, cancelaron esta opci\u00f3n. No obstante, ambos, Cervantino y la FIL presentaron una agenda de actividades de gran calidad.<\/p>\n\n\n\n<p>En La Laguna y en Coahuila, mantuvimos tambi\u00e9n la esperanza de que los teatros volviera a abrir. Y es que imaginar esos foros para mil 500 y 700 butacas disponibles, con equipos de tramoya, iluminaci\u00f3n, cientos de artistas posponiendo sus calendarios; fue triste. En momentos se vivi\u00f3 un panorama muy desolador.<\/p>\n\n\n\n<p>Por otro lado, los artistas se diversificaron. La Camerata de Coahuila present\u00f3 una temporada virtual de conciertos de agosto a diciembre desde distintos escenarios; bailarines, actrices y actores se sumaron a las convocatorias de la Muestra Estatal de Teatro y realizaron funciones con poco p\u00fablico o en l\u00ednea.<\/p>\n\n\n\n<blockquote class=\"wp-block-quote is-layout-flow wp-block-quote-is-layout-flow\"><p>Y aunque la federaci\u00f3n y el estado abrieron convocatorias con recursos econ\u00f3micos para el gremio art\u00edstico, no fue suficiente. Un estudio lanzado por Cultura UNAM revel\u00f3 que casi 50% de las y los artistas perdi\u00f3 empleos y buena parte de sus ingresos a causa de la pandemia del Covid. Otro porcentaje se qued\u00f3 pr\u00e1cticamente sin opciones de trabajo.<\/p><\/blockquote>\n\n\n\n<p>R\u00e1pidamente surgieron los colectivos en los gremios de las artes esc\u00e9nicas a nivel nacional. En la Vereda asistimos a la rueda de prensa virtual del colectivo \u201cDanza, di\u00e1logo y acci\u00f3n en M\u00e9xico\u201d, donde bailarines, directores, productores dieron testimonio de la precarizaci\u00f3n del sector. En esa ocasi\u00f3n afirmaron que pr\u00e1cticamente hay bailarines y actores que \u201cya no tienen para comer\u201d.<\/p>\n\n\n\n<p>Hubo desencuentros entre las autoridades culturales a nivel federal y la comunidad creativa, lo que nos hace pensar que el panorama en 2021 no es nada prometedor. El presupuesto federal para cultura recibi\u00f3 un aumento, pero en t\u00e9rminos reales todos los rubros sufrir\u00e1n baja de recursos porque solo el 25% de lo asignado a nivel nacional ser\u00e1 para el proyecto del Bosque de Chapultepec.<\/p>\n\n\n\n<p>A pesar de este panorama, durante el a\u00f1o que termina artistas de todas las disciplinas nos regalaron un c\u00famulo de propuestas creativas en la red: recitales, performances, teatro adaptado a las plataformas, talleres de dibujo, grabado, fotograf\u00eda, etc\u00e9tera para todas las edades.<\/p>\n\n\n\n<blockquote class=\"wp-block-quote is-layout-flow wp-block-quote-is-layout-flow\"><p>El arte y la cultura han sido un b\u00e1lsamo en medio de esta pandemia y se han convertido en una compa\u00f1\u00eda que, sin duda, merece ocupar un lugar m\u00e1s importante en apoyo econ\u00f3mico, por parte del gobierno, la iniciativa privada y la sociedad civil.&nbsp;<\/p><\/blockquote>\n\n\n\n<p>La llegada de la vacuna significa una esperanza para vencer el Covid. Pero cuando esto pase, vamos a a\u00f1orar los escenarios, las funciones de ballet, los conciertos, los museos abiertos, las carteleras teatrales. \u00bfEllos, los artistas, estar\u00e1n ah\u00ed, fortalecidos?<\/p>\n\n\n\n<p>Twitter: @Lavargasadri<\/p>\n","protected":false},"excerpt":{"rendered":"<p>RESUMEN ANUAL El cierre de espacios culturales fue inminente desde marzo del 2020 y sin vuelta atr\u00e1s hasta el mes de septiembre, cuando poco a poco se dio luz verde &hellip; <a href=\"https:\/\/lavereda.com.mx\/index.php\/2020\/12\/29\/2020-sube-creatividad-digital-y-bajan-recursos\/\" class=\"more-link\">Leer m\u00e1s<\/a><\/p>\n","protected":false},"author":9,"featured_media":1106,"comment_status":"open","ping_status":"open","sticky":false,"template":"","format":"standard","meta":{"footnotes":""},"categories":[18,9],"tags":[],"class_list":["post-1105","post","type-post","status-publish","format-standard","has-post-thumbnail","hentry","category-lomasrelevante","category-opinion","entry"],"_links":{"self":[{"href":"https:\/\/lavereda.com.mx\/index.php\/wp-json\/wp\/v2\/posts\/1105","targetHints":{"allow":["GET"]}}],"collection":[{"href":"https:\/\/lavereda.com.mx\/index.php\/wp-json\/wp\/v2\/posts"}],"about":[{"href":"https:\/\/lavereda.com.mx\/index.php\/wp-json\/wp\/v2\/types\/post"}],"author":[{"embeddable":true,"href":"https:\/\/lavereda.com.mx\/index.php\/wp-json\/wp\/v2\/users\/9"}],"replies":[{"embeddable":true,"href":"https:\/\/lavereda.com.mx\/index.php\/wp-json\/wp\/v2\/comments?post=1105"}],"version-history":[{"count":2,"href":"https:\/\/lavereda.com.mx\/index.php\/wp-json\/wp\/v2\/posts\/1105\/revisions"}],"predecessor-version":[{"id":1115,"href":"https:\/\/lavereda.com.mx\/index.php\/wp-json\/wp\/v2\/posts\/1105\/revisions\/1115"}],"wp:featuredmedia":[{"embeddable":true,"href":"https:\/\/lavereda.com.mx\/index.php\/wp-json\/wp\/v2\/media\/1106"}],"wp:attachment":[{"href":"https:\/\/lavereda.com.mx\/index.php\/wp-json\/wp\/v2\/media?parent=1105"}],"wp:term":[{"taxonomy":"category","embeddable":true,"href":"https:\/\/lavereda.com.mx\/index.php\/wp-json\/wp\/v2\/categories?post=1105"},{"taxonomy":"post_tag","embeddable":true,"href":"https:\/\/lavereda.com.mx\/index.php\/wp-json\/wp\/v2\/tags?post=1105"}],"curies":[{"name":"wp","href":"https:\/\/api.w.org\/{rel}","templated":true}]}}