{"id":1102,"date":"2020-12-28T22:59:16","date_gmt":"2020-12-28T22:59:16","guid":{"rendered":"http:\/\/lavereda.com.mx\/?p=1102"},"modified":"2020-12-28T22:59:18","modified_gmt":"2020-12-28T22:59:18","slug":"preparan-homenaje-nacional-a-armando-manzanero","status":"publish","type":"post","link":"https:\/\/lavereda.com.mx\/index.php\/2020\/12\/28\/preparan-homenaje-nacional-a-armando-manzanero\/","title":{"rendered":"Preparan homenaje nacional a Armando Manzanero"},"content":{"rendered":"\n<ul class=\"wp-block-list\"><li><strong><em>Hoy a las 20:00, se invita a la poblaci\u00f3n a abrir las ventanas de sus domicilios y cantar\u00a0Esta tarde vi llover, en homenaje al gran compositor, cantante, pianista, actor y productor.<\/em><\/strong><\/li><\/ul>\n\n\n\n<p>La Secretar\u00eda de Cultura del Gobierno de M\u00e9xico, a trav\u00e9s de Canal 22, Radio Educaci\u00f3n, la Fonoteca Nacional, el Instituto Nacional de Bellas Artes y Literatura y la plataforma Contigo en la distancia, y en coordinaci\u00f3n con la Sociedad de Autores y Compositores de M\u00e9xico (SACM), llevar\u00e1 a cabo el Homenaje Nacional al compositor Armando Manzanero, el cual inici\u00f3 este lunes 28 de diciembre de 2020.<\/p>\n\n\n\n<blockquote class=\"wp-block-quote is-layout-flow wp-block-quote-is-layout-flow\"><p>\u201cArmando Manzanero es un baluarte para la cultura mexicana. Canal 22 inicia hoy con un homenaje que concluir\u00e1 el pr\u00f3ximo domingo: todos los d\u00edas en horario nocturno habr\u00e1 alg\u00fan especial para el maestro Manzanero; en Contigo en la distancia preparamos un especial que se llama #ContigoAprend\u00ed en honor a su bell\u00edsima canci\u00f3n\u201d, inform\u00f3 la secretaria de Cultura, Alejandra Frausto Guerrero.<\/p><\/blockquote>\n\n\n\n<p>Aunado a ello, el d\u00eda de hoy, en alianza con la Sociedad de Autores y Compositores de M\u00e9xico, Roberto Cantoral y el equipo del maestro Manzanero, esta noche, a las 20 horas (horario del Centro de M\u00e9xico), se invita a la poblaci\u00f3n a abrir las ventanas de sus domicilios y cantar&nbsp;<em>Esta tarde vi llover<\/em>, en homenaje al gran compositor, cantante, pianista, actor y productor. A esta actividad se suma el Instituto Nacional de Bellas Artes y Literatura con participaci\u00f3n de talentos de la Compa\u00f1\u00eda Nacional de Danza, el Coro del Teatro de Bellas Artes y Concertistas de Bellas Artes. \u201cPara que se escuche la canci\u00f3n y que resuene su m\u00fasica\u201d, agreg\u00f3 Frausto Guerrero.<\/p>\n\n\n\n<p>Una vez que las condiciones sanitarias lo permitan, el Palacio de Bellas Artes abrir\u00e1 sus puertas con el fin de hacerle un homenaje \u201cpara que su m\u00fasica y sus grandes int\u00e9rpretes lo sigan cantando y las generaciones que vienen lo conozcan\u201d, expuso.<\/p>\n\n\n\n<p>A trav\u00e9s de la pantalla de Canal 22, a las 21:00 horas (horario del centro del pa\u00eds) a partir de este lunes 28 de diciembre, se llevar\u00e1 a cabo un programa especial de Noticias 22 y dar\u00e1 inicio el Homenaje a Manzanero con&nbsp;<em>El Estudio de Manzanero, Compositores<\/em>. En el mismo horario, el martes 29 y mi\u00e9rcoles 30 se transmitir\u00e1&nbsp;<em>Especial de Navidad<\/em>&nbsp;y la presentaci\u00f3n de&nbsp;<em>La \u00fanica Sonora Santanera<\/em>, respectivamente.<\/p>\n\n\n\n<p>El d\u00eda jueves 31 se transmite el homenaje:&nbsp;<em>Embajadores del folclor mexicano Rub\u00e9n Fuentes y Mariachi Vargas<\/em>, el viernes 1 de enero le toca a&nbsp;<em>Voces de Yucat\u00e1n con Armando Manzanero<\/em>; el s\u00e1bado 2 de enero, a partir de las 20:00 horas se transmite&nbsp;<em>La m\u00fasica con Manzanero: Momentos con Manzanero<\/em>&nbsp;y a las 21:00 horas&nbsp;<em>La m\u00fasica con Manzanero: Voces de mi inspiraci\u00f3n<\/em>.<\/p>\n\n\n\n<p>El domingo 3 de enero, a partir de las 20 horas se transmite&nbsp;<em>Manzanero en Los \u00c1ngeles<\/em>&nbsp;y despu\u00e9s, el especial:&nbsp;<em>M\u00e1s de 15 a\u00f1os de Armando Manzanero en Canal 22: Un recuerdo.<\/em><\/p>\n\n\n\n<p>A este homenaje nacional se suma el Sistema P\u00fablico de Radiodifusi\u00f3n del Estado Mexicano, que transmitir\u00e1 los especiales a trav\u00e9s del Canal 14 y Capital 21.<\/p>\n\n\n\n<p>En tanto que en la plataforma Contigo en la distancia, de la Secretar\u00eda de Cultura, se alista una selecci\u00f3n de materiales digitales, los cuales se agrupar\u00e1n en la secci\u00f3n especial titulada #ContigoAprend\u00ed.&nbsp;<\/p>\n\n\n\n<p>Como parte de este mismo homenaje, Radio Educaci\u00f3n transmiti\u00f3 de 12 a 13 horas en sus se\u00f1ales en la Ciudad de M\u00e9xico una selecci\u00f3n musical especial, la cual tambi\u00e9n ser\u00e1 replicada por Se\u00f1al Kukulk\u00e1n, en M\u00e9rida, Yucat\u00e1n, de 16 a 17 horas.<\/p>\n","protected":false},"excerpt":{"rendered":"<p>Hoy a las 20:00, se invita a la poblaci\u00f3n a abrir las ventanas de sus domicilios y cantar\u00a0Esta tarde vi llover, en homenaje al gran compositor, cantante, pianista, actor y &hellip; <a href=\"https:\/\/lavereda.com.mx\/index.php\/2020\/12\/28\/preparan-homenaje-nacional-a-armando-manzanero\/\" class=\"more-link\">Leer m\u00e1s<\/a><\/p>\n","protected":false},"author":1,"featured_media":1103,"comment_status":"open","ping_status":"open","sticky":false,"template":"","format":"standard","meta":{"footnotes":""},"categories":[18,4],"tags":[],"class_list":["post-1102","post","type-post","status-publish","format-standard","has-post-thumbnail","hentry","category-lomasrelevante","category-musica","entry"],"_links":{"self":[{"href":"https:\/\/lavereda.com.mx\/index.php\/wp-json\/wp\/v2\/posts\/1102","targetHints":{"allow":["GET"]}}],"collection":[{"href":"https:\/\/lavereda.com.mx\/index.php\/wp-json\/wp\/v2\/posts"}],"about":[{"href":"https:\/\/lavereda.com.mx\/index.php\/wp-json\/wp\/v2\/types\/post"}],"author":[{"embeddable":true,"href":"https:\/\/lavereda.com.mx\/index.php\/wp-json\/wp\/v2\/users\/1"}],"replies":[{"embeddable":true,"href":"https:\/\/lavereda.com.mx\/index.php\/wp-json\/wp\/v2\/comments?post=1102"}],"version-history":[{"count":1,"href":"https:\/\/lavereda.com.mx\/index.php\/wp-json\/wp\/v2\/posts\/1102\/revisions"}],"predecessor-version":[{"id":1104,"href":"https:\/\/lavereda.com.mx\/index.php\/wp-json\/wp\/v2\/posts\/1102\/revisions\/1104"}],"wp:featuredmedia":[{"embeddable":true,"href":"https:\/\/lavereda.com.mx\/index.php\/wp-json\/wp\/v2\/media\/1103"}],"wp:attachment":[{"href":"https:\/\/lavereda.com.mx\/index.php\/wp-json\/wp\/v2\/media?parent=1102"}],"wp:term":[{"taxonomy":"category","embeddable":true,"href":"https:\/\/lavereda.com.mx\/index.php\/wp-json\/wp\/v2\/categories?post=1102"},{"taxonomy":"post_tag","embeddable":true,"href":"https:\/\/lavereda.com.mx\/index.php\/wp-json\/wp\/v2\/tags?post=1102"}],"curies":[{"name":"wp","href":"https:\/\/api.w.org\/{rel}","templated":true}]}}