{"id":1099,"date":"2020-12-28T14:42:23","date_gmt":"2020-12-28T14:42:23","guid":{"rendered":"http:\/\/lavereda.com.mx\/?p=1099"},"modified":"2020-12-28T14:42:25","modified_gmt":"2020-12-28T14:42:25","slug":"fallece-el-gran-compositor-inspirador-de-mexico-armando-manzanero","status":"publish","type":"post","link":"https:\/\/lavereda.com.mx\/index.php\/2020\/12\/28\/fallece-el-gran-compositor-inspirador-de-mexico-armando-manzanero\/","title":{"rendered":"Fallece el gran compositor, inspirador de M\u00e9xico: Armando Manzanero"},"content":{"rendered":"\n<p>\u00bfQui\u00e9n no ha vivido un momento rom\u00e1ntico escuchando las canciones de Armando Manzanero? El cantautor, uno de los compositores m\u00e1s influyentes en M\u00e9xico y Latinoam\u00e9rica, muri\u00f3 a los 85 a\u00f1os de edad tras complicaciones a causa del Covid; se inform\u00f3 la ma\u00f1ana de este lunes 28 de diciembre.<\/p>\n\n\n\n<p>Inspirador, con un gran talento que llev\u00f3 con sus letras en las voces de grandes int\u00e9rpretes; Manzanero se convirti\u00f3 en un referente de la m\u00fasica rom\u00e1ntica, de los boleros y de la composici\u00f3n en espa\u00f1ol en M\u00e9xico y el mundo; a tal punto de ganar el Grammy.<\/p>\n\n\n\n<blockquote class=\"wp-block-quote is-layout-flow wp-block-quote-is-layout-flow\"><p>Escribi\u00f3 m\u00e1s de cuatrocientas canciones, de las cuales m\u00e1s de cincuenta han alcanzado fama internacional, como \u201cSomos novios\u201d, \u00abEsta tarde vi llover\u00bb y \u00abContigo aprend\u00ed\u201d.\u00a0<\/p><\/blockquote>\n\n\n\n<p>Adem\u00e1s, grab\u00f3 m\u00e1s de 30 discos e incluso se convirti\u00f3 en estrella de televisi\u00f3n y radio.<\/p>\n\n\n\n<p>Manzanero naci\u00f3 el d\u00eda <em>7 de diciembre del a\u00f1o 1935<\/em> en Yucat\u00e1n, M\u00e9xico. Es el hijo de Juana Canch\u00e9 y Santiago Manzanero, este \u00faltimo m\u00fasico y fundador de la orquesta de m\u00fasica t\u00edpica de Yucalpet\u00e9n, por lo que obtiene mucha influencia musical de este desde peque\u00f1o. Ya a los ocho a\u00f1os de edad, empieza su formaci\u00f3n musical dentro de la escuela de Bellas Artes de su ciudad y luego la completa en la Ciudad de M\u00e9xico.<\/p>\n\n\n\n<p>En 1951comenz\u00f3 su actividad profesional como pianista y a los veintid\u00f3s, trabaj\u00f3 como director musical de CBS Internacional.<\/p>\n\n\n\n<p>Acompa\u00f1\u00f3 al piano a cantantes como Lucho Gatica durante varios a\u00f1os, tambi\u00e9n a Pedro Vargas, y Jos\u00e9 Jos\u00e9, entre otros, y tambi\u00e9n se desempe\u00f1\u00f3 como promotor de casas disqueras. Se convirti\u00f3 en productor musical de cine y de personajes como Sonia L\u00f3pez y Ang\u00e9lica Mar\u00eda.<\/p>\n\n\n\n<p>Durante la d\u00e9cada de los 70 y 80 obtendr\u00eda varios honores y reconocimientos en festivales como el de Mallorca en 1978 y el Festival Yamaha en 1982, antes de dedicarse al mundo de la producci\u00f3n.<\/p>\n\n\n\n<p>En septiembre de 2010 asumi\u00f3 la presidencia del comit\u00e9 directivo de la Sociedad de Autores y Compositores de M\u00e9xico (SACM).<\/p>\n","protected":false},"excerpt":{"rendered":"<p>\u00bfQui\u00e9n no ha vivido un momento rom\u00e1ntico escuchando las canciones de Armando Manzanero? El cantautor, uno de los compositores m\u00e1s influyentes en M\u00e9xico y Latinoam\u00e9rica, muri\u00f3 a los 85 a\u00f1os &hellip; <a href=\"https:\/\/lavereda.com.mx\/index.php\/2020\/12\/28\/fallece-el-gran-compositor-inspirador-de-mexico-armando-manzanero\/\" class=\"more-link\">Leer m\u00e1s<\/a><\/p>\n","protected":false},"author":1,"featured_media":1100,"comment_status":"open","ping_status":"open","sticky":false,"template":"","format":"standard","meta":{"footnotes":""},"categories":[18,4],"tags":[],"class_list":["post-1099","post","type-post","status-publish","format-standard","has-post-thumbnail","hentry","category-lomasrelevante","category-musica","entry"],"_links":{"self":[{"href":"https:\/\/lavereda.com.mx\/index.php\/wp-json\/wp\/v2\/posts\/1099","targetHints":{"allow":["GET"]}}],"collection":[{"href":"https:\/\/lavereda.com.mx\/index.php\/wp-json\/wp\/v2\/posts"}],"about":[{"href":"https:\/\/lavereda.com.mx\/index.php\/wp-json\/wp\/v2\/types\/post"}],"author":[{"embeddable":true,"href":"https:\/\/lavereda.com.mx\/index.php\/wp-json\/wp\/v2\/users\/1"}],"replies":[{"embeddable":true,"href":"https:\/\/lavereda.com.mx\/index.php\/wp-json\/wp\/v2\/comments?post=1099"}],"version-history":[{"count":1,"href":"https:\/\/lavereda.com.mx\/index.php\/wp-json\/wp\/v2\/posts\/1099\/revisions"}],"predecessor-version":[{"id":1101,"href":"https:\/\/lavereda.com.mx\/index.php\/wp-json\/wp\/v2\/posts\/1099\/revisions\/1101"}],"wp:featuredmedia":[{"embeddable":true,"href":"https:\/\/lavereda.com.mx\/index.php\/wp-json\/wp\/v2\/media\/1100"}],"wp:attachment":[{"href":"https:\/\/lavereda.com.mx\/index.php\/wp-json\/wp\/v2\/media?parent=1099"}],"wp:term":[{"taxonomy":"category","embeddable":true,"href":"https:\/\/lavereda.com.mx\/index.php\/wp-json\/wp\/v2\/categories?post=1099"},{"taxonomy":"post_tag","embeddable":true,"href":"https:\/\/lavereda.com.mx\/index.php\/wp-json\/wp\/v2\/tags?post=1099"}],"curies":[{"name":"wp","href":"https:\/\/api.w.org\/{rel}","templated":true}]}}