{"id":1089,"date":"2020-12-23T02:50:55","date_gmt":"2020-12-23T02:50:55","guid":{"rendered":"http:\/\/lavereda.com.mx\/?p=1089"},"modified":"2020-12-23T02:50:57","modified_gmt":"2020-12-23T02:50:57","slug":"los-riesgos-del-ocio-10","status":"publish","type":"post","link":"https:\/\/lavereda.com.mx\/index.php\/2020\/12\/23\/los-riesgos-del-ocio-10\/","title":{"rendered":"Los riesgos del ocio"},"content":{"rendered":"\n<p>Hace poco m\u00e1s de un mes me sent\u00ed bastante discriminada, aunque no s\u00e9 si sea la palabra correcta. Fue un comentario no dirigido a m\u00ed, sino soltado al aire en mi grupo de Pilates, donde la mayor\u00eda de las alumnas creo que son muchachas menores de treinta, con el cubre bocas y la careta es dif\u00edcil saberlo.<\/p>\n\n\n\n<p>&nbsp;La instructora habl\u00f3 de lo sorprendida y de la verg\u00fcenza ajena que sinti\u00f3 yendo a cierto antro y viendo que la mayor\u00eda de los asistentes eran mayores de cuarenta \u201chab\u00eda hasta gente de cincuenta o sesenta bailando como si fueran chavos\u201d fue el comentario cerrado con risas. Me sent\u00ed aludida y no. Porque a mi edad sigo bailando como si fuera la misma chica de diez y seis que se colaba en La Rosa con sus primos o la misma ni\u00f1a que comenz\u00f3 a bailar a los ocho o algo as\u00ed en las fiestas familiares donde la convivencia con los adultos, la m\u00fasica de las grandes bandas primero y luego del rock and roll, te hac\u00edan sentir que eras parte de un todo.&nbsp;&nbsp;<\/p>\n\n\n\n<p>A los cuarenta conoc\u00ed al amor de mi vida con quien iba a bailar cada vez que se pod\u00eda a lo que quedaba de la Wonder, cuya pista de luces, bola de cristal y sonido disco, dilu\u00eda las diferencias de edad. Soy hija de la disco, amante de esas fotograf\u00edas de Studio 54 que muestran canas y flacideces conviviendo en el mismo dance floor que la juventud.<\/p>\n\n\n\n<p>Veo a mis t\u00edos, de m\u00e1s de setenta, algunos con ochenta a\u00f1os, que siguen siendo los primeros en levantarse a romper pista en cualquier fiesta, reuni\u00f3n familiar o baile formal y es lo m\u00e1s natural del mundo.&nbsp;<\/p>\n\n\n\n<blockquote class=\"wp-block-quote is-layout-flow wp-block-quote-is-layout-flow\"><p>Es extra\u00f1o la cantidad de prejuicios que tienen algunas personas, como si nadie les hubiera explicado antes o no hubieran tenido el ejemplo en casa de que la edad es s\u00f3lo un n\u00famero. Se puede amar, tener sexo y bailar no importa cu\u00e1ntos a\u00f1os diga tu acta que tienes. No es justo pensar que en cuanto tienes cincuenta debas cortarte el cabello, ponerte chal, esperar a los nietos y cancelar orgasmos. Cualquier ginec\u00f3logo puede explicar el por qu\u00e9 lo mejor est\u00e1 por venir despu\u00e9s de la menopausia: no embarazos, no sangrados, s\u00f3lo la diversi\u00f3n, amigas.<\/p><\/blockquote>\n\n\n\n<p>Sigo brindando con aquellas que antes de la pandemia disfrutaban el karaoke, que sal\u00edan de fiesta, que siguen vistiendo y ense\u00f1ando sus cachos buenos, porque para cancelar lo que son tendr\u00edan que estar muertas y a\u00fan as\u00ed, algunas ya pidieron&nbsp;&nbsp;que las entierren con rojos y brillos. Y no se equivoquen, estas mujeres no usan minifalda ni escotes porque anden de cacer\u00eda, como creen algunos, sino porque algunos h\u00e1bitos de vestuario son muy dif\u00edciles de erradicar. Uno ama las lentejuelas s\u00f3lo porque s\u00ed.<\/p>\n\n\n\n<p>Espero el fin de este recogimiento y deseo que sigamos vivos y listos para reunirnos nuevamente, para gritar el contento y quitarle la pausa a esta lista de reproducci\u00f3n, no importa la edad que tengamos.<\/p>\n\n\n\n<p>Porque, as\u00ed parezca raro, les de pena ajena, piensen que somos rid\u00edculos, a pesar de las canas, aunque el rostro no sea tan encantador ni el cuerpo seductor, la vida nos sigue llamando y hacia ella iremos bailando, cantando, amando, cumpliendo nuestros deseos, teniendo metas, festejando cada cumplea\u00f1os en cualquier lugar, sabiendo que esto no se acaba, hasta que termina.<\/p>\n","protected":false},"excerpt":{"rendered":"<p>Hace poco m\u00e1s de un mes me sent\u00ed bastante discriminada, aunque no s\u00e9 si sea la palabra correcta. Fue un comentario no dirigido a m\u00ed, sino soltado al aire en &hellip; <a href=\"https:\/\/lavereda.com.mx\/index.php\/2020\/12\/23\/los-riesgos-del-ocio-10\/\" class=\"more-link\">Leer m\u00e1s<\/a><\/p>\n","protected":false},"author":11,"featured_media":1090,"comment_status":"open","ping_status":"open","sticky":false,"template":"","format":"standard","meta":{"footnotes":""},"categories":[18,9],"tags":[],"class_list":["post-1089","post","type-post","status-publish","format-standard","has-post-thumbnail","hentry","category-lomasrelevante","category-opinion","entry"],"_links":{"self":[{"href":"https:\/\/lavereda.com.mx\/index.php\/wp-json\/wp\/v2\/posts\/1089","targetHints":{"allow":["GET"]}}],"collection":[{"href":"https:\/\/lavereda.com.mx\/index.php\/wp-json\/wp\/v2\/posts"}],"about":[{"href":"https:\/\/lavereda.com.mx\/index.php\/wp-json\/wp\/v2\/types\/post"}],"author":[{"embeddable":true,"href":"https:\/\/lavereda.com.mx\/index.php\/wp-json\/wp\/v2\/users\/11"}],"replies":[{"embeddable":true,"href":"https:\/\/lavereda.com.mx\/index.php\/wp-json\/wp\/v2\/comments?post=1089"}],"version-history":[{"count":1,"href":"https:\/\/lavereda.com.mx\/index.php\/wp-json\/wp\/v2\/posts\/1089\/revisions"}],"predecessor-version":[{"id":1091,"href":"https:\/\/lavereda.com.mx\/index.php\/wp-json\/wp\/v2\/posts\/1089\/revisions\/1091"}],"wp:featuredmedia":[{"embeddable":true,"href":"https:\/\/lavereda.com.mx\/index.php\/wp-json\/wp\/v2\/media\/1090"}],"wp:attachment":[{"href":"https:\/\/lavereda.com.mx\/index.php\/wp-json\/wp\/v2\/media?parent=1089"}],"wp:term":[{"taxonomy":"category","embeddable":true,"href":"https:\/\/lavereda.com.mx\/index.php\/wp-json\/wp\/v2\/categories?post=1089"},{"taxonomy":"post_tag","embeddable":true,"href":"https:\/\/lavereda.com.mx\/index.php\/wp-json\/wp\/v2\/tags?post=1089"}],"curies":[{"name":"wp","href":"https:\/\/api.w.org\/{rel}","templated":true}]}}