{"id":1074,"date":"2020-12-18T19:01:04","date_gmt":"2020-12-18T19:01:04","guid":{"rendered":"http:\/\/lavereda.com.mx\/?p=1074"},"modified":"2020-12-18T19:01:06","modified_gmt":"2020-12-18T19:01:06","slug":"el-museo-casa-del-cerro-se-prepara-para-el-2021","status":"publish","type":"post","link":"https:\/\/lavereda.com.mx\/index.php\/2020\/12\/18\/el-museo-casa-del-cerro-se-prepara-para-el-2021\/","title":{"rendered":"El Museo Casa del Cerro se prepara para el 2021"},"content":{"rendered":"\n<p>Desde principios del siglo XX, la Casa del Cerro es un testigo de nuestra historia. Quien visita este espacio puede descubrir c\u00f3mo viv\u00eda una familia extranjera en Torre\u00f3n desde antes que fuera declarada ciudad. Es un museo y un chalet con una vista privilegiada. Una joya de la ciudad.<\/p>\n\n\n\n<p>Por motivos de la pandemia, este espacio junto con los dem\u00e1s museos municipales cierra sus puertas del 17 de diciembre al 3 de enero. En este tiempo de reflexi\u00f3n la directora Sindy Maribel Bueno, habl\u00f3 en entrevista sobre los planes del recinto en el 2021.<\/p>\n\n\n\n<p><strong>\u00bfC\u00f3mo les fue el tiempo que abrieron sus puertas al p\u00fablico?<\/strong><\/p>\n\n\n\n<p>El museo reabri\u00f3 sus puertas en octubre, tuvimos una respuesta agradable, la gente ten\u00eda muchas ganas de venir al museo, llegaron a venir casi 300 personas, muy por debajo de lo que com\u00fanmente tenemos, pero es positivo.&nbsp;<\/p>\n\n\n\n<p>Fue bajando la visita en noviembre y diciembre, entendemos que la recomendaci\u00f3n es quedarse en casa. Se estableci\u00f3 el filtro en la entrada, el personal tom\u00f3 varios cursos, para saber c\u00f3mo se transmite la carga viral. Somos conscientes de nuestra nuestra responsabilidad hacia la gente.<\/p>\n\n\n\n<p>Al p\u00fablico se les acompa\u00f1aba, aunque no fuera visita guiada, para sanitizar todo lo que la gente tocaba. Una vez cerrado se sanitizaba todo el espacio, todos los d\u00edas. Eso nos ha permitido mantener las instalaciones seguras.<\/p>\n\n\n\n<p><strong>\u00bfC\u00f3mo mantener vivo un espacio en tiempos de pandemia?<\/strong><\/p>\n\n\n\n<p>Se aprovech\u00f3 mucho el tiempo para darle mantenimiento a las instalaciones de una forma m\u00e1s profunda. Ahora en diciembre se cambiaron las luminarias en los jardines, se va a entregar la pinacoteca a finales del a\u00f1o con reflectores. Se hizo el mantenimiento de la duela a la entrada principal. Es la de la mayor desgaste.<\/p>\n\n\n\n<p>Tambi\u00e9n se hizo reparaci\u00f3n de cableado y plomer\u00eda.<\/p>\n\n\n\n<p>En cuanto a la pinacoteca, prestamos la colecci\u00f3n, se encuentra en el Centro Cultural Jos\u00e9 R Mijares. La idea en 2021 es retomar las exposiciones colectivas e individuales de nuevos artistas, en la pinacoteca y en la Galer\u00eda de Arte Contempor\u00e1neo.<\/p>\n\n\n\n<p>Tendremos dos exposiciones diferentes en la galer\u00eda y pinacoteca, sin ser necesariamente la colecci\u00f3n del museo. Para febrero que es el aniversario del recinto habr\u00e1 una nueva exposici\u00f3n.&nbsp;<\/p>\n\n\n\n<blockquote class=\"wp-block-quote is-layout-flow wp-block-quote-is-layout-flow\"><p>Este tiempo fue de resistir y darle mantenimiento para que la gente encuentre un espacio digno, que le pertenece a la ciudadania, la gente lo aprecia mucho. Recibimos comentarios que nos hacen percibir los cambios, todo se hizo con supervisi\u00f3n del Centro Hist\u00f3rico, es un regalo del museo a la ciudadania, que la gente tenga la tranquilidad que al venir al recinto va a encontrar un espacio seguro.<\/p><\/blockquote>\n\n\n\n<p><strong>\u00bfCu\u00e1l es el mensaje que le das al p\u00fablico en este fin de a\u00f1o?<\/strong><\/p>\n\n\n\n<p>Los museos municipales estamos con la mejor disposici\u00f3n de ofrecer un servicio y calidad, que se sientan seguros de venir. Pero queremos pedirles que respetemos este momento que estamos viviendo, se trata de cuidarnos mutuamente, somos co responsables de las personas con las que convivimos.&nbsp; Perm\u00edtanos ofrecerles un espacio seguro, siguiendo indicaciones. Es una situaci\u00f3n de resistencia, vengan en el 2021 con mucho cuidado .<\/p>\n\n\n\n<p><strong>\u00bfQu\u00e9 viene para el Museo en 2021?<\/strong><\/p>\n\n\n\n<p>Vienen proyectos muy interesantes, para las personas que vengan, habilitamos un balc\u00f3n al publico. En el recorrido ya puedes transitar del cuarto de dama al de Federico Wulff y revivir esa experiencia del balc\u00f3n del matrimonio. Puedes tomar una foto panor\u00e1mica.&nbsp;<\/p>\n\n\n\n<p>Tenemos nuevas sorpresas, vamos a abrir la cava para exhibici\u00f3n, donde se guardaban los vinos, las conservas, la gente podr\u00e1 visitarla al lado de la entrada del s\u00f3tano. Tambi\u00e9n se habilit\u00f3 el cuarto de planchado, al lado de la cocina, queremos abrir un armario, como un peque\u00f1o cl\u00f3set. El recorrido cambiar\u00e1 para que puedan conocer al cien por ciento la casa de la familia Wulff.<\/p>\n","protected":false},"excerpt":{"rendered":"<p>Desde principios del siglo XX, la Casa del Cerro es un testigo de nuestra historia. Quien visita este espacio puede descubrir c\u00f3mo viv\u00eda una familia extranjera en Torre\u00f3n desde antes &hellip; <a href=\"https:\/\/lavereda.com.mx\/index.php\/2020\/12\/18\/el-museo-casa-del-cerro-se-prepara-para-el-2021\/\" class=\"more-link\">Leer m\u00e1s<\/a><\/p>\n","protected":false},"author":9,"featured_media":1075,"comment_status":"open","ping_status":"open","sticky":false,"template":"","format":"standard","meta":{"footnotes":""},"categories":[3,18],"tags":[],"class_list":["post-1074","post","type-post","status-publish","format-standard","has-post-thumbnail","hentry","category-artes-visuales","category-lomasrelevante","entry"],"_links":{"self":[{"href":"https:\/\/lavereda.com.mx\/index.php\/wp-json\/wp\/v2\/posts\/1074","targetHints":{"allow":["GET"]}}],"collection":[{"href":"https:\/\/lavereda.com.mx\/index.php\/wp-json\/wp\/v2\/posts"}],"about":[{"href":"https:\/\/lavereda.com.mx\/index.php\/wp-json\/wp\/v2\/types\/post"}],"author":[{"embeddable":true,"href":"https:\/\/lavereda.com.mx\/index.php\/wp-json\/wp\/v2\/users\/9"}],"replies":[{"embeddable":true,"href":"https:\/\/lavereda.com.mx\/index.php\/wp-json\/wp\/v2\/comments?post=1074"}],"version-history":[{"count":1,"href":"https:\/\/lavereda.com.mx\/index.php\/wp-json\/wp\/v2\/posts\/1074\/revisions"}],"predecessor-version":[{"id":1076,"href":"https:\/\/lavereda.com.mx\/index.php\/wp-json\/wp\/v2\/posts\/1074\/revisions\/1076"}],"wp:featuredmedia":[{"embeddable":true,"href":"https:\/\/lavereda.com.mx\/index.php\/wp-json\/wp\/v2\/media\/1075"}],"wp:attachment":[{"href":"https:\/\/lavereda.com.mx\/index.php\/wp-json\/wp\/v2\/media?parent=1074"}],"wp:term":[{"taxonomy":"category","embeddable":true,"href":"https:\/\/lavereda.com.mx\/index.php\/wp-json\/wp\/v2\/categories?post=1074"},{"taxonomy":"post_tag","embeddable":true,"href":"https:\/\/lavereda.com.mx\/index.php\/wp-json\/wp\/v2\/tags?post=1074"}],"curies":[{"name":"wp","href":"https:\/\/api.w.org\/{rel}","templated":true}]}}