{"id":1066,"date":"2020-12-13T02:09:26","date_gmt":"2020-12-13T02:09:26","guid":{"rendered":"http:\/\/lavereda.com.mx\/?p=1066"},"modified":"2020-12-13T02:09:27","modified_gmt":"2020-12-13T02:09:27","slug":"cierran-museos-teatros-y-cines-en-cdmx","status":"publish","type":"post","link":"https:\/\/lavereda.com.mx\/index.php\/2020\/12\/13\/cierran-museos-teatros-y-cines-en-cdmx\/","title":{"rendered":"Cierran museos, teatros y cines en CDMX"},"content":{"rendered":"\n<ul class=\"wp-block-list\"><li><strong>A partir del lunes 14 de diciembre los recintos se mantendr\u00e1n cerrados para salvaguardar la salud de las audiencias; as\u00ed como la de las y los trabajadores de la cultura<\/strong><\/li><\/ul>\n\n\n\n<p><br>En atenci\u00f3n a las recomendaciones emitidas por el Gobierno de la Ciudad de M\u00e9xico para prevenir contagios por COVID-19, la Secretar\u00eda de Cultura del Gobierno de M\u00e9xico suspende todas las actividades en sus recintos (museos, teatros, cines, bibliotecas y zonas arqueol\u00f3gicas, entre otros), ubicados en la Ciudad de M\u00e9xico, hasta nuevo aviso.<\/p>\n\n\n\n<p>De esta forma, la Secretar\u00eda de Cultura respalda el llamado urgente que hizo la jefa de Gobierno de la Ciudad de M\u00e9xico, Claudia Sheinbaum Pardo, para quedarse en casa y extremar las medidas de cuidado para prevenir contagios debido a la alerta del crecimiento de casos y hospitalizaciones por COVID-19.<\/p>\n\n\n\n<p>Cabe resaltar que esta pausa no significa la suspensi\u00f3n de la vida cultural ni una limitante para continuar conociendo y disfrutando del patrimonio cultural, ya que los distintos espacios culturales ofrecer\u00e1n una amplia gama de contenidos digitales para continuar con su labor de difusi\u00f3n de la cultura y las distintas expresiones art\u00edsticas, a trav\u00e9s de sus redes sociales y en la plataforma&nbsp;<a href=\"https:\/\/contigoenladistancia.cultura.gob.mx\/\" target=\"_blank\" rel=\"noreferrer noopener\">Contigo en la distancia<\/a>&nbsp;de la Secretar\u00eda de Cultura.<\/p>\n\n\n\n<p>Por ello, se invita al p\u00fablico a disfrutar de recorridos virtuales, exposiciones, archivos sonoros, entrevistas, galer\u00edas fotogr\u00e1ficas, videos, libros, obras de teatro, conciertos, muestras cinematogr\u00e1ficas y dem\u00e1s contenidos que se ofrecen en&nbsp;<a href=\"https:\/\/contigoenladistancia.cultura.gob.mx\/\" target=\"_blank\" rel=\"noreferrer noopener\">contigoenladistancia.cultura.gob.mx<\/a>.<\/p>\n\n\n\n<p>La Secretar\u00eda de Cultura Federal y sus distintos espacios en la Ciudad de M\u00e9xico continuar\u00e1n con el seguimiento de las acciones que recomienden el Gobierno de la Ciudad de M\u00e9xico y la Secretar\u00eda de Salud, de acuerdo con el comportamiento del coronavirus COVID-19.<\/p>\n","protected":false},"excerpt":{"rendered":"<p>A partir del lunes 14 de diciembre los recintos se mantendr\u00e1n cerrados para salvaguardar la salud de las audiencias; as\u00ed como la de las y los trabajadores de la cultura &hellip; <a href=\"https:\/\/lavereda.com.mx\/index.php\/2020\/12\/13\/cierran-museos-teatros-y-cines-en-cdmx\/\" class=\"more-link\">Leer m\u00e1s<\/a><\/p>\n","protected":false},"author":1,"featured_media":756,"comment_status":"open","ping_status":"open","sticky":false,"template":"","format":"standard","meta":{"footnotes":""},"categories":[2],"tags":[],"class_list":["post-1066","post","type-post","status-publish","format-standard","has-post-thumbnail","hentry","category-artes-escenicas","entry"],"_links":{"self":[{"href":"https:\/\/lavereda.com.mx\/index.php\/wp-json\/wp\/v2\/posts\/1066","targetHints":{"allow":["GET"]}}],"collection":[{"href":"https:\/\/lavereda.com.mx\/index.php\/wp-json\/wp\/v2\/posts"}],"about":[{"href":"https:\/\/lavereda.com.mx\/index.php\/wp-json\/wp\/v2\/types\/post"}],"author":[{"embeddable":true,"href":"https:\/\/lavereda.com.mx\/index.php\/wp-json\/wp\/v2\/users\/1"}],"replies":[{"embeddable":true,"href":"https:\/\/lavereda.com.mx\/index.php\/wp-json\/wp\/v2\/comments?post=1066"}],"version-history":[{"count":1,"href":"https:\/\/lavereda.com.mx\/index.php\/wp-json\/wp\/v2\/posts\/1066\/revisions"}],"predecessor-version":[{"id":1067,"href":"https:\/\/lavereda.com.mx\/index.php\/wp-json\/wp\/v2\/posts\/1066\/revisions\/1067"}],"wp:featuredmedia":[{"embeddable":true,"href":"https:\/\/lavereda.com.mx\/index.php\/wp-json\/wp\/v2\/media\/756"}],"wp:attachment":[{"href":"https:\/\/lavereda.com.mx\/index.php\/wp-json\/wp\/v2\/media?parent=1066"}],"wp:term":[{"taxonomy":"category","embeddable":true,"href":"https:\/\/lavereda.com.mx\/index.php\/wp-json\/wp\/v2\/categories?post=1066"},{"taxonomy":"post_tag","embeddable":true,"href":"https:\/\/lavereda.com.mx\/index.php\/wp-json\/wp\/v2\/tags?post=1066"}],"curies":[{"name":"wp","href":"https:\/\/api.w.org\/{rel}","templated":true}]}}