{"id":1059,"date":"2020-12-11T21:22:20","date_gmt":"2020-12-11T21:22:20","guid":{"rendered":"http:\/\/lavereda.com.mx\/?p=1059"},"modified":"2020-12-11T21:22:22","modified_gmt":"2020-12-11T21:22:22","slug":"la-sinfonica-juvenil-cierra-el-ano-con-musica-navidena","status":"publish","type":"post","link":"https:\/\/lavereda.com.mx\/index.php\/2020\/12\/11\/la-sinfonica-juvenil-cierra-el-ano-con-musica-navidena\/","title":{"rendered":"La Sinf\u00f3nica Juvenil cierra el a\u00f1o con m\u00fasica navide\u00f1a"},"content":{"rendered":"\n<p>La Orquesta Sinf\u00f3nica Juvenil de Torre\u00f3n cerrar\u00e1 este 2020 con dos presentaciones en l\u00ednea, que incluyen un repertorio de m\u00fasica navide\u00f1a.&nbsp;<\/p>\n\n\n\n<p>Las presentaciones ser\u00e1n estrenadas en vivo desde su p\u00e1gina de Facebook (Orquesta Sinf\u00f3nica Juvenil de Torre\u00f3n) los pr\u00f3ximos 12 y 19 de diciembre a las 20:00 hrs.<\/p>\n\n\n\n<p>La orquesta contin\u00faa compartiendo su m\u00fasica en l\u00ednea, debido a la contingencia. Bajo la direcci\u00f3n del maestro Ethan Eager, ha preparado dos n\u00fameros con m\u00fasica cl\u00e1sica navide\u00f1a donde participan una serie de ensambles instrumentales y el Coro INMUS del Instituto de M\u00fasica de Coahuila, dirigido por la maestra Luz Alicia \u00c1vila.<\/p>\n\n\n\n<p>Entre las piezas de diferentes estilos y \u00e9pocas que incluyen ambos programas, se encuentran cl\u00e1sicos como \u201cWe wish you a merry christmas\u201d de Arthur Barrel, \u201cEl Heraldo Angelical de\u201d de F\u00e9lix Mendelssohn, la popular Jingle Bell Rock y Villancicos como \u201cLa Primera Navidad\u201d entre&nbsp;&nbsp;otras.<\/p>\n","protected":false},"excerpt":{"rendered":"<p>La Orquesta Sinf\u00f3nica Juvenil de Torre\u00f3n cerrar\u00e1 este 2020 con dos presentaciones en l\u00ednea, que incluyen un repertorio de m\u00fasica navide\u00f1a.&nbsp; Las presentaciones ser\u00e1n estrenadas en vivo desde su p\u00e1gina &hellip; <a href=\"https:\/\/lavereda.com.mx\/index.php\/2020\/12\/11\/la-sinfonica-juvenil-cierra-el-ano-con-musica-navidena\/\" class=\"more-link\">Leer m\u00e1s<\/a><\/p>\n","protected":false},"author":1,"featured_media":1060,"comment_status":"open","ping_status":"open","sticky":false,"template":"","format":"standard","meta":{"footnotes":""},"categories":[4],"tags":[],"class_list":["post-1059","post","type-post","status-publish","format-standard","has-post-thumbnail","hentry","category-musica","entry"],"_links":{"self":[{"href":"https:\/\/lavereda.com.mx\/index.php\/wp-json\/wp\/v2\/posts\/1059","targetHints":{"allow":["GET"]}}],"collection":[{"href":"https:\/\/lavereda.com.mx\/index.php\/wp-json\/wp\/v2\/posts"}],"about":[{"href":"https:\/\/lavereda.com.mx\/index.php\/wp-json\/wp\/v2\/types\/post"}],"author":[{"embeddable":true,"href":"https:\/\/lavereda.com.mx\/index.php\/wp-json\/wp\/v2\/users\/1"}],"replies":[{"embeddable":true,"href":"https:\/\/lavereda.com.mx\/index.php\/wp-json\/wp\/v2\/comments?post=1059"}],"version-history":[{"count":1,"href":"https:\/\/lavereda.com.mx\/index.php\/wp-json\/wp\/v2\/posts\/1059\/revisions"}],"predecessor-version":[{"id":1061,"href":"https:\/\/lavereda.com.mx\/index.php\/wp-json\/wp\/v2\/posts\/1059\/revisions\/1061"}],"wp:featuredmedia":[{"embeddable":true,"href":"https:\/\/lavereda.com.mx\/index.php\/wp-json\/wp\/v2\/media\/1060"}],"wp:attachment":[{"href":"https:\/\/lavereda.com.mx\/index.php\/wp-json\/wp\/v2\/media?parent=1059"}],"wp:term":[{"taxonomy":"category","embeddable":true,"href":"https:\/\/lavereda.com.mx\/index.php\/wp-json\/wp\/v2\/categories?post=1059"},{"taxonomy":"post_tag","embeddable":true,"href":"https:\/\/lavereda.com.mx\/index.php\/wp-json\/wp\/v2\/tags?post=1059"}],"curies":[{"name":"wp","href":"https:\/\/api.w.org\/{rel}","templated":true}]}}