{"id":1056,"date":"2020-12-11T02:30:17","date_gmt":"2020-12-11T02:30:17","guid":{"rendered":"http:\/\/lavereda.com.mx\/?p=1056"},"modified":"2020-12-11T02:30:19","modified_gmt":"2020-12-11T02:30:19","slug":"lanzan-nueva-linea-editorial-para-adolescentes-y-jovenes","status":"publish","type":"post","link":"https:\/\/lavereda.com.mx\/index.php\/2020\/12\/11\/lanzan-nueva-linea-editorial-para-adolescentes-y-jovenes\/","title":{"rendered":"Lanzan nueva l\u00ednea editorial para adolescentes y j\u00f3venes"},"content":{"rendered":"\n<p>Con ebooks de Ethel Krauze, kyra Galv\u00e1n y Elena G\u00f3mez, Bit\u00e1cora de vuelos ediciones emprende una nueva apuesta en su l\u00ednea editorial: libros electr\u00f3nicos para adolescentes y j\u00f3venes adultos.<\/p>\n\n\n\n<p>\u201cLa pandemia, pese a todo lo malo que nos trajo, ha permitido una nueva mirada al libro digital y electr\u00f3nico\u201d, comenta Nadia Contreras, fundadora de este sello editorial que desde el 2014 publica libros en estos formatos y que se pueden encontrar en plataformas como Amazon, Kobo, Google Play Books, PayHip, Barnes and Noble, Scribd, Apple Books, entre otras.&nbsp;<\/p>\n\n\n\n<blockquote class=\"wp-block-quote is-layout-flow wp-block-quote-is-layout-flow\"><p>\u201cHoy como nunca sabemos que somos vulnerables, la vida no la tenemos comprada y el hombre, como especie, no es el super hombre que supon\u00eda ser. Este tiempo nos ha tomado de los cabellos y nos ha colocado en el lugar preciso, con todo lo que esto implica y los problemas que enfrentamos, tanto como individuos, como sociedad, como pa\u00eds\u201d. <\/p><\/blockquote>\n\n\n\n<p>Por ello, la editorial, decidi\u00f3 apostar por ebooks que contemplaran estos p\u00fablicos. La literatura, en palabras de su fundadora, abre puertas hacia otros mundos posibles; en esos mundos nos encontramos con Adelina, Jacinta, o bien, con las Mascotas que habitan la infancia y la memoria.\u00a0<\/p>\n\n\n\n<p><strong>El ebook que abre esta l\u00ednea editorial es&nbsp;<em>Poeminas para Adelina<\/em>, de Ethel Krauze.<\/strong>&nbsp;Es \u00e9l encontramos un di\u00e1logo po\u00e9tico entre madre e hija. En alegr\u00eda compartida, descubren la vida. Son saltos y vuelos, tesoros y misterios. Tan grandes como los versos y tan breves como los cuentos de oro que se esconden en los ratos que todos tenemos para mirar el cielo. Una caricia, un instante, un juego, una pesadilla, un aleteo de p\u00e1rpados en medio del sue\u00f1o.&nbsp;<\/p>\n\n\n\n<p>El segundo volumen, corresponde al ebook de poemas que integra&nbsp;<strong><em>P\u00e9talos de rosa,&nbsp;<\/em><\/strong><strong><em>mejillas de melocot\u00f3n.<\/em><\/strong><strong>&nbsp;En \u00e9l, Kyra Galv\u00e1n<\/strong><strong>&nbsp;nos cuenta la historia de Jacinta<\/strong>, una ni\u00f1a cuyos padres est\u00e1n demasiado ocupados para darle atenci\u00f3n, y cuyo \u00fanico hermano, la molesta constantemente. Jacinta huye al balc\u00f3n para platicar con la luna y contemplar las estrellas. Se refugia en el jard\u00edn de su casa donde encuentra alivio a su soledad, haci\u00e9ndose amiga de las rosas y cont\u00e1ndoles sus secretos. Al principio las rosas le temen, como a un bicho gigante, pero luego las hechiza con su espont\u00e1neo coraz\u00f3n.<\/p>\n\n\n\n<p>El \u00faltimo de estos ebooks destinados al p\u00fablico adolescente y joven adulto, corresponde a la escritora&nbsp;<strong>Elvia Elena G\u00f3mez de Valle y lleva como t\u00edtulo&nbsp;<em>Mascotas [Generaci\u00f3n X].<\/em>&nbsp;<\/strong>En&nbsp;<em>Mascotas&nbsp;<\/em>se cuenta&nbsp;los que sucede en casa de Ricky, Luis, Lou y Mene cuando adoptan diferentes mascotas. A medida que los ni\u00f1os crecen, van descubriendo c\u00f3mo cuidar y respetar a los animales.&nbsp;<em>Mascotas<\/em>&nbsp;es un conjunto de historias de camarader\u00edas llenas de ternura donde los primeros desatinos de la infancia llevan a estos cuatro hermanos a madurar en su comprensi\u00f3n del mundo animal.<\/p>\n\n\n\n<p>Bit\u00e1cora de vuelos ediciones cerrar\u00e1 el a\u00f1o con otras novedades m\u00e1s:&nbsp;<em>Los trastes sucios<\/em>&nbsp;(poes\u00eda) de Diana Er\u00e9ndira;&nbsp;<em>Maicro Machines<\/em>&nbsp;(minificci\u00f3n), de Alberto Llanes y&nbsp;<em>Antropolog\u00eda de la prenumbra<\/em>&nbsp;(ensayo)<em>&nbsp;<\/em>de Roberto Luviano.&nbsp;<\/p>\n\n\n\n<p>Tienda:\u00a0<a href=\"https:\/\/www.bvedicionesebooks.com.mx\/\">https:\/\/www.bvedicionesebooks.com.mx<\/a>.<\/p>\n","protected":false},"excerpt":{"rendered":"<p>Con ebooks de Ethel Krauze, kyra Galv\u00e1n y Elena G\u00f3mez, Bit\u00e1cora de vuelos ediciones emprende una nueva apuesta en su l\u00ednea editorial: libros electr\u00f3nicos para adolescentes y j\u00f3venes adultos. \u201cLa &hellip; <a href=\"https:\/\/lavereda.com.mx\/index.php\/2020\/12\/11\/lanzan-nueva-linea-editorial-para-adolescentes-y-jovenes\/\" class=\"more-link\">Leer m\u00e1s<\/a><\/p>\n","protected":false},"author":1,"featured_media":1057,"comment_status":"open","ping_status":"open","sticky":false,"template":"","format":"standard","meta":{"footnotes":""},"categories":[5],"tags":[],"class_list":["post-1056","post","type-post","status-publish","format-standard","has-post-thumbnail","hentry","category-letras-y-libros","entry"],"_links":{"self":[{"href":"https:\/\/lavereda.com.mx\/index.php\/wp-json\/wp\/v2\/posts\/1056","targetHints":{"allow":["GET"]}}],"collection":[{"href":"https:\/\/lavereda.com.mx\/index.php\/wp-json\/wp\/v2\/posts"}],"about":[{"href":"https:\/\/lavereda.com.mx\/index.php\/wp-json\/wp\/v2\/types\/post"}],"author":[{"embeddable":true,"href":"https:\/\/lavereda.com.mx\/index.php\/wp-json\/wp\/v2\/users\/1"}],"replies":[{"embeddable":true,"href":"https:\/\/lavereda.com.mx\/index.php\/wp-json\/wp\/v2\/comments?post=1056"}],"version-history":[{"count":1,"href":"https:\/\/lavereda.com.mx\/index.php\/wp-json\/wp\/v2\/posts\/1056\/revisions"}],"predecessor-version":[{"id":1058,"href":"https:\/\/lavereda.com.mx\/index.php\/wp-json\/wp\/v2\/posts\/1056\/revisions\/1058"}],"wp:featuredmedia":[{"embeddable":true,"href":"https:\/\/lavereda.com.mx\/index.php\/wp-json\/wp\/v2\/media\/1057"}],"wp:attachment":[{"href":"https:\/\/lavereda.com.mx\/index.php\/wp-json\/wp\/v2\/media?parent=1056"}],"wp:term":[{"taxonomy":"category","embeddable":true,"href":"https:\/\/lavereda.com.mx\/index.php\/wp-json\/wp\/v2\/categories?post=1056"},{"taxonomy":"post_tag","embeddable":true,"href":"https:\/\/lavereda.com.mx\/index.php\/wp-json\/wp\/v2\/tags?post=1056"}],"curies":[{"name":"wp","href":"https:\/\/api.w.org\/{rel}","templated":true}]}}