{"id":1050,"date":"2020-12-10T20:28:07","date_gmt":"2020-12-10T20:28:07","guid":{"rendered":"http:\/\/lavereda.com.mx\/?p=1050"},"modified":"2020-12-11T00:55:33","modified_gmt":"2020-12-11T00:55:33","slug":"queremos-que-el-teatro-sea-incluyente-lourdes-bernal","status":"publish","type":"post","link":"https:\/\/lavereda.com.mx\/index.php\/2020\/12\/10\/queremos-que-el-teatro-sea-incluyente-lourdes-bernal\/","title":{"rendered":"\u201cQueremos que el Teatro sea incluyente\u201d: Lourdes Bernal"},"content":{"rendered":"\n<p>Fundadora de Galer\u00eda Sc\u00e9nic y colaboradora del Teatro Isauro Mart\u00ednez (TIM) desde hace 14 a\u00f1os en el \u00e1rea de artes visuales, Lourdes Bernal ha sido designada como directora de ese recinto, funci\u00f3n que significar\u00e1 \u201ctodo un reto\u201d especialmente en tiempos de pandemia.<\/p>\n\n\n\n<p>En entrevista para La Vereda, la nueva directora del teatro que este 2020 cumple 90 a\u00f1os, coment\u00f3:&nbsp; \u201cva a ser una experiencia nueva para m\u00ed, me siento c\u00f3moda, tengo buena relaci\u00f3n con el patronato. Lo m\u00e1s importante es que el equipo de trabajo somos muy cercanos. Aqu\u00ed siempre me sent\u00ed como en casa, parte de un staff aunque no lo fuera, colabor\u00e9 14 a\u00f1os desde que se reinaugur\u00f3 la galer\u00eda\u201d.<\/p>\n\n\n\n<p>A finales del mes de junio Claudia M\u00e1ynez anunci\u00f3 su renuncia al Isauro Mart\u00ednez, un teatro que forma parte de la red del Instituto Nacional de Bellas Artes y que representa uno de los orgullos m\u00e1s importantes de los laguneros. Reconocido por su arquitectura en todo el pa\u00eds.<\/p>\n\n\n\n<p>Al ser presentada como nueva directora, Bernal enfatiz\u00f3 que dirigir el Teatro es \u201cun reto tremendo por la situaci\u00f3n que estamos viviendo, porque vamos a batallar con los recursos. Pero trabajaremos con los laguneros y para los laguneros\u201d.<\/p>\n\n\n\n<p><strong>\u00bfC\u00f3mo encontraste el teatro?<\/strong><\/p>\n\n\n\n<p>\u00abEn muy buen estado en la infraestructura, aunque no se pudo hacer nada de actividades en meses, en general lo encontr\u00e9 muy bien\u00bb.<\/p>\n\n\n\n<p><strong>\u00bfC\u00f3mo reactivar un teatro en tiempos de pandemia?<\/strong><\/p>\n\n\n\n<blockquote class=\"wp-block-quote is-layout-flow wp-block-quote-is-layout-flow\"><p>\u00abEl reto va a ser aprovechar las plataformas digitales para la difusi\u00f3n de toda la oferta cultural, mientras no podamos abrir. Vivimos la situaci\u00f3n de la falta de recursos.&nbsp;<\/p><\/blockquote>\n\n\n\n<p>S\u00ed se abri\u00f3 al p\u00fablico en la galer\u00eda la exposici\u00f3n de \u201cMujeres Esteparias\u201d, estuvo abriendo para grupos chicos, con la sana distancia. Es una exposici\u00f3n del Museo Casa Redonda de Chihuahua, de arte contempor\u00e1neo. Est\u00e1 montada hace 4 meses.<\/p>\n\n\n\n<p>La inauguraci\u00f3n se hizo virtual. Para los festejos de aniversario del teatro, se pospuso otra gran exposici\u00f3n hasta el pr\u00f3ximo a\u00f1o, que estemos en condiciones\u00bb.&nbsp;<\/p>\n\n\n\n<p><strong>\u00bfCu\u00e1ndo volver\u00e1n las actividades presenciales?<\/strong><\/p>\n\n\n\n<p>\u00abNo nos lo permiten a\u00fan. Todos los eventos que se difunden han sido sin p\u00fablico, \u00fanicamente los t\u00e9cnicos y la gente que est\u00e1 involucrada. Habr\u00e1 una pastorela y un concierto en l\u00ednea.&nbsp;<\/p>\n\n\n\n<p>Pero todo lo presencial se va a posponer, estamos amarrados totalmente\u00bb.<\/p>\n\n\n\n<p><strong>\u00bfQu\u00e9 proyectos o planes tienes?<\/strong><\/p>\n\n\n\n<p>\u00abVamos a seguir contando con el apoyo de Pe\u00f1oles para las transmisiones de la \u00d3pera MET de Nueva York y el National Theatre Live de Londres.<\/p>\n\n\n\n<blockquote class=\"wp-block-quote is-layout-flow wp-block-quote-is-layout-flow\"><p>Me gustar\u00eda que no seamos una instituci\u00f3n elitista, que sea un espacio incluyente para gente para otros recursos. Y darle oportunidad a los creadores laguneros de participar en el Teatro y en la Galer\u00eda. Mantener el prestigio de la instituci\u00f3n y de la galer\u00eda\u00bb.<\/p><\/blockquote>\n\n\n\n<p>Lourdes Bernal enfatiz\u00f3 que los teatros viven de lo que se renta. Un costo beneficio, por el costo de operaci\u00f3n del teatro, por lo tanto esperan que pronto se reactive la actividad.&nbsp;<\/p>\n\n\n\n<p>Coment\u00f3 que ella entrar\u00e1 en funciones a partir de enero de 2021 y en todo este tiempo se analizar\u00e1 qu\u00e9 eventos se pueden traer, a trav\u00e9s de Bellas Artes. \u201cNo tenemos los recursos que hab\u00eda antes, el gobierno federal quit\u00f3 todos los apoyos. El teatro ten\u00eda un subsidio de Bellas Artes. Pero el Estado y Municipio han apoyado todo este tiempo al teatro\u201d.<\/p>\n\n\n\n<p><strong>Trayectoria<\/strong><\/p>\n\n\n\n<ul class=\"wp-block-list\"><li>Desde el a\u00f1o 2000 Lourdes Bernal fund\u00f3 la Galer\u00eda Sc\u00e9nic, en la cual se dedica a la exposici\u00f3n y comercializaci\u00f3n de obras e intercambios culturales con otros estados como Chihuahua, Tamaulipas, Sonora, Zacatecas, Aguas Calientes y Durango.<\/li><li>Fue en este a\u00f1o cuando tambi\u00e9n particip\u00f3 como colaboradora en la Fundaci\u00f3n de la Galer\u00eda de Arte de la Universidad Iberoamericana.<\/li><li>De 2009 a 2013 se desempe\u00f1\u00f3 como Directora del Museo del Algod\u00f3n.<\/li><li>En 2009 se integr\u00f3 a la Coordinaci\u00f3n de Artes Visuales de la Direcci\u00f3n Municipal de Cultura de Torre\u00f3n, entre otras actividades.<\/li><\/ul>\n","protected":false},"excerpt":{"rendered":"<p>Fundadora de Galer\u00eda Sc\u00e9nic y colaboradora del Teatro Isauro Mart\u00ednez (TIM) desde hace 14 a\u00f1os en el \u00e1rea de artes visuales, Lourdes Bernal ha sido designada como directora de ese &hellip; <a href=\"https:\/\/lavereda.com.mx\/index.php\/2020\/12\/10\/queremos-que-el-teatro-sea-incluyente-lourdes-bernal\/\" class=\"more-link\">Leer m\u00e1s<\/a><\/p>\n","protected":false},"author":9,"featured_media":1053,"comment_status":"open","ping_status":"open","sticky":false,"template":"","format":"standard","meta":{"footnotes":""},"categories":[2],"tags":[],"class_list":["post-1050","post","type-post","status-publish","format-standard","has-post-thumbnail","hentry","category-artes-escenicas","entry"],"_links":{"self":[{"href":"https:\/\/lavereda.com.mx\/index.php\/wp-json\/wp\/v2\/posts\/1050","targetHints":{"allow":["GET"]}}],"collection":[{"href":"https:\/\/lavereda.com.mx\/index.php\/wp-json\/wp\/v2\/posts"}],"about":[{"href":"https:\/\/lavereda.com.mx\/index.php\/wp-json\/wp\/v2\/types\/post"}],"author":[{"embeddable":true,"href":"https:\/\/lavereda.com.mx\/index.php\/wp-json\/wp\/v2\/users\/9"}],"replies":[{"embeddable":true,"href":"https:\/\/lavereda.com.mx\/index.php\/wp-json\/wp\/v2\/comments?post=1050"}],"version-history":[{"count":3,"href":"https:\/\/lavereda.com.mx\/index.php\/wp-json\/wp\/v2\/posts\/1050\/revisions"}],"predecessor-version":[{"id":1055,"href":"https:\/\/lavereda.com.mx\/index.php\/wp-json\/wp\/v2\/posts\/1050\/revisions\/1055"}],"wp:featuredmedia":[{"embeddable":true,"href":"https:\/\/lavereda.com.mx\/index.php\/wp-json\/wp\/v2\/media\/1053"}],"wp:attachment":[{"href":"https:\/\/lavereda.com.mx\/index.php\/wp-json\/wp\/v2\/media?parent=1050"}],"wp:term":[{"taxonomy":"category","embeddable":true,"href":"https:\/\/lavereda.com.mx\/index.php\/wp-json\/wp\/v2\/categories?post=1050"},{"taxonomy":"post_tag","embeddable":true,"href":"https:\/\/lavereda.com.mx\/index.php\/wp-json\/wp\/v2\/tags?post=1050"}],"curies":[{"name":"wp","href":"https:\/\/api.w.org\/{rel}","templated":true}]}}