{"id":1047,"date":"2020-12-09T21:44:28","date_gmt":"2020-12-09T21:44:28","guid":{"rendered":"http:\/\/lavereda.com.mx\/?p=1047"},"modified":"2020-12-09T21:44:30","modified_gmt":"2020-12-09T21:44:30","slug":"habra-bazar-navideno-de-arte-en-linea","status":"publish","type":"post","link":"https:\/\/lavereda.com.mx\/index.php\/2020\/12\/09\/habra-bazar-navideno-de-arte-en-linea\/","title":{"rendered":"Habr\u00e1 bazar navide\u00f1o de arte en l\u00ednea"},"content":{"rendered":"\n<p>La Secretar\u00eda de Cultura de Coahuila, dentro del programa \u201cLa Cultura nos Une en Navidad\u201d, invita a las y los creadores a participar en la convocatoria del Bazar Navide\u00f1o de Arte en L\u00ednea.<\/p>\n\n\n\n<p>La Secretaria de Cultura, Ana Sof\u00eda Garc\u00eda Camil, indic\u00f3 que se tiene como fecha hasta el 13 de diciembre para registrarse en esta convocatoria, que tiene la finalidad de apoyar a la comunidad art\u00edstica durante la presente contingencia sanitaria.<\/p>\n\n\n\n<blockquote class=\"wp-block-quote is-layout-flow wp-block-quote-is-layout-flow\"><p>\u201cNuestra dependencia, a trav\u00e9s de la Direcci\u00f3n de Artes Visuales, pone al servicio de los creadores coahuilenses sus plataformas digitales para promocionar por medio de las mismas su oferta art\u00edstica que estar\u00e1 a la venta durante la \u00e9poca decembrina, y con ello propiciar el trato directo cliente-artista\u201d, dijo.<\/p><\/blockquote>\n\n\n\n<p>Esta iniciativa virtual se llevar\u00e1 acabo del 15 al 31 de diciembre, y en ella podr\u00e1n participar todos los artistas visuales y estudiantes mayores de 18 a\u00f1os, con residencia en la entidad, y con un m\u00e1ximo de 10 obras de t\u00e9cnica y formato libre.<\/p>\n\n\n\n<p>Tambi\u00e9n inform\u00f3 que los participantes deber\u00e1n proporcionar una fotograf\u00eda en buena calidad de las piezas a vender, con los siguientes datos: Autor, t\u00edtulo, fecha, t\u00e9cnica, medidas y precio, as\u00ed como contacto del artista (tel\u00e9fono, correo electr\u00f3nico, WhatsApp, Facebook, Instagram, etc.).<\/p>\n\n\n\n<p>\u201cLa fotograf\u00eda de las obras participantes deber\u00e1n ser enviados al correo&nbsp;<a href=\"mailto:miradaenmovimiento@gmail.com\" target=\"_blank\" rel=\"noreferrer noopener\">miradaenmovimiento@gmail.com<\/a>&nbsp;a partir de la fecha de la publicaci\u00f3n de la presente convocatoria y hasta el d\u00eda 13 de diciembre\u201d, expres\u00f3 Garc\u00eda Camil.<\/p>\n\n\n\n<p>Finalmente, enfatiz\u00f3 que todos los acuerdos acerca del precio, forma de pago, medio y fecha de entrega, entre otros, son absoluta responsabilidad de las personas involucradas dentro de la transacci\u00f3n.<\/p>\n","protected":false},"excerpt":{"rendered":"<p>La Secretar\u00eda de Cultura de Coahuila, dentro del programa \u201cLa Cultura nos Une en Navidad\u201d, invita a las y los creadores a participar en la convocatoria del Bazar Navide\u00f1o de &hellip; <a href=\"https:\/\/lavereda.com.mx\/index.php\/2020\/12\/09\/habra-bazar-navideno-de-arte-en-linea\/\" class=\"more-link\">Leer m\u00e1s<\/a><\/p>\n","protected":false},"author":1,"featured_media":1048,"comment_status":"open","ping_status":"open","sticky":false,"template":"","format":"standard","meta":{"footnotes":""},"categories":[3,18],"tags":[],"class_list":["post-1047","post","type-post","status-publish","format-standard","has-post-thumbnail","hentry","category-artes-visuales","category-lomasrelevante","entry"],"_links":{"self":[{"href":"https:\/\/lavereda.com.mx\/index.php\/wp-json\/wp\/v2\/posts\/1047","targetHints":{"allow":["GET"]}}],"collection":[{"href":"https:\/\/lavereda.com.mx\/index.php\/wp-json\/wp\/v2\/posts"}],"about":[{"href":"https:\/\/lavereda.com.mx\/index.php\/wp-json\/wp\/v2\/types\/post"}],"author":[{"embeddable":true,"href":"https:\/\/lavereda.com.mx\/index.php\/wp-json\/wp\/v2\/users\/1"}],"replies":[{"embeddable":true,"href":"https:\/\/lavereda.com.mx\/index.php\/wp-json\/wp\/v2\/comments?post=1047"}],"version-history":[{"count":1,"href":"https:\/\/lavereda.com.mx\/index.php\/wp-json\/wp\/v2\/posts\/1047\/revisions"}],"predecessor-version":[{"id":1049,"href":"https:\/\/lavereda.com.mx\/index.php\/wp-json\/wp\/v2\/posts\/1047\/revisions\/1049"}],"wp:featuredmedia":[{"embeddable":true,"href":"https:\/\/lavereda.com.mx\/index.php\/wp-json\/wp\/v2\/media\/1048"}],"wp:attachment":[{"href":"https:\/\/lavereda.com.mx\/index.php\/wp-json\/wp\/v2\/media?parent=1047"}],"wp:term":[{"taxonomy":"category","embeddable":true,"href":"https:\/\/lavereda.com.mx\/index.php\/wp-json\/wp\/v2\/categories?post=1047"},{"taxonomy":"post_tag","embeddable":true,"href":"https:\/\/lavereda.com.mx\/index.php\/wp-json\/wp\/v2\/tags?post=1047"}],"curies":[{"name":"wp","href":"https:\/\/api.w.org\/{rel}","templated":true}]}}