{"id":1034,"date":"2020-12-05T17:23:48","date_gmt":"2020-12-05T17:23:48","guid":{"rendered":"http:\/\/lavereda.com.mx\/?p=1034"},"modified":"2020-12-06T23:56:24","modified_gmt":"2020-12-06T23:56:24","slug":"padecer","status":"publish","type":"post","link":"https:\/\/lavereda.com.mx\/index.php\/2020\/12\/05\/padecer\/","title":{"rendered":"Padecer"},"content":{"rendered":"\n<p>A los pocos d\u00edas de cumplir las dos semanas de aislamiento por la enfermedad del Covid 19, escuch\u00e9 en el radio la siguiente noticia: en el mes de noviembre cada hora y media se muri\u00f3 una persona en la regi\u00f3n lagunera a causa de este virus.<\/p>\n\n\n\n<p>Noviembre fue un mes muy triste, en las redes sociales cada d\u00eda hab\u00eda una esquela y mensajes y condolencias hacia personas conocidas, compa\u00f1eros de trabajo, amigos, maestros. Fueron d\u00edas dolorosos. A\u00fan no sabemos cu\u00e1nto durar\u00e1 este duelo.<\/p>\n\n\n\n<p>No pude dejar de pensar y agradecer que hab\u00edamos corrido con suerte. Vivimos algunos d\u00edas de fuerte dolor en el cuerpo y cabeza, debilidad, fiebre, falta de apetito, de olfato y de gusto. Pero despu\u00e9s del d\u00eda 9 y 10 los s\u00edntomas empezaron a ceder. No sabremos si tendremos secuelas, todo parece indicar que no. Mi esposo y yo fuimos parte de la cuantiosa estad\u00edstica de este mes. \u00bfC\u00f3mo nos contagiamos? No estamos seguros de ello, no ten\u00edamos vida social y nuestras actividades se resum\u00edan al trabajo y la compra del s\u00faper.<\/p>\n\n\n\n<p>Ser una persona con este padecimiento te hunde en el miedo, en la incertidumbre. Desde el mes de marzo vivimos con este temor y cre\u00edamos que hab\u00edamos superado caer enfermos. Desde el momento que conoces el resultado de la prueba de laboratorio, ignoras c\u00f3mo van a responder tus pulmones, tu sistema inmune. Y tienes en verdad mucho miedo de haber contagiado a alguien. El sentimiento, el \u00e1nimo, la capacidad de tener una vida interior sana, ayudan mucho a combatir la enfermedad.<\/p>\n\n\n\n<p>Por fortuna tuve mis lecturas, t\u00e9 con miel, caf\u00e9, series, pel\u00edculas, muchos mensajes de aliento de familia, amigas y amigos (muchos fuera de mi ciudad), mi espacio de escritura, una mascota y un hijo cuya actitud, de verdad, super\u00f3 cualquier expectativa.&nbsp;<\/p>\n\n\n\n<blockquote class=\"wp-block-quote is-layout-flow wp-block-quote-is-layout-flow\"><p>Si algo he aprendido a valorar en esta pandemia es la enorme capacidad de adaptaci\u00f3n de las y los ni\u00f1os. Sus c\u00e1maras encendidas en las clases, sus di\u00e1logos con maestras, compa\u00f1eros, su sentido del humor, risas y juegos, son en verdad un b\u00e1lsamo en un momento as\u00ed.<\/p><\/blockquote>\n\n\n\n<p>Al segundo d\u00eda de saber el resultado de la prueba mi hijo cumpli\u00f3 10 a\u00f1os. Recuerdo que ese d\u00eda fue el peor en los s\u00edntomas. A\u00fan as\u00ed, con todas las medidas de protecci\u00f3n y cuidado, encendimos las velas, partimos el pastel y cantamos las ma\u00f1anitas.<\/p>\n\n\n\n<p>\u00bfQu\u00e9 m\u00e1s agradezco? Si te enfermas o no, la cultura ser\u00e1 una gran compa\u00f1\u00eda: me refiero a los libros, la m\u00fasica, las pel\u00edculas, la curiosidad que te despierta la soledad. Esto es un ensayo para fortalecer tu esp\u00edritu. No s\u00e9 c\u00f3mo le han hecho las y los artistas para llenar las redes sociales de expresiones art\u00edsticas, cuando sabemos que su econom\u00eda est\u00e1 colapsada.<\/p>\n\n\n\n<p>Ahora puedo decir que todo lo que hiciste en los \u00faltimos cinco a\u00f1os de tu vida, o quiz\u00e1s m\u00e1s: c\u00f3mo viviste, tus h\u00e1bitos, tu alimentaci\u00f3n, tus enfermedades, desveladas, el trabajo que tuviste, si hiciste o no ejercicio; te prepararon sin saberlo, para este momento. De ese pasado depender\u00eda, en buena medida, c\u00f3mo actuar\u00eda tu organismo ante esta amenaza.<\/p>\n\n\n\n<p>La vida no ser\u00e1 la misma para nadie despu\u00e9s del Covid. Debemos plantearnos \u00bfa partir de ahora c\u00f3mo queremos vivirla?&nbsp;<\/p>\n\n\n\n<p>Twitter: @Lavargasadri<\/p>\n","protected":false},"excerpt":{"rendered":"<p>A los pocos d\u00edas de cumplir las dos semanas de aislamiento por la enfermedad del Covid 19, escuch\u00e9 en el radio la siguiente noticia: en el mes de noviembre cada &hellip; <a href=\"https:\/\/lavereda.com.mx\/index.php\/2020\/12\/05\/padecer\/\" class=\"more-link\">Leer m\u00e1s<\/a><\/p>\n","protected":false},"author":9,"featured_media":1035,"comment_status":"open","ping_status":"open","sticky":false,"template":"","format":"standard","meta":{"footnotes":""},"categories":[18,9],"tags":[],"class_list":["post-1034","post","type-post","status-publish","format-standard","has-post-thumbnail","hentry","category-lomasrelevante","category-opinion","entry"],"_links":{"self":[{"href":"https:\/\/lavereda.com.mx\/index.php\/wp-json\/wp\/v2\/posts\/1034","targetHints":{"allow":["GET"]}}],"collection":[{"href":"https:\/\/lavereda.com.mx\/index.php\/wp-json\/wp\/v2\/posts"}],"about":[{"href":"https:\/\/lavereda.com.mx\/index.php\/wp-json\/wp\/v2\/types\/post"}],"author":[{"embeddable":true,"href":"https:\/\/lavereda.com.mx\/index.php\/wp-json\/wp\/v2\/users\/9"}],"replies":[{"embeddable":true,"href":"https:\/\/lavereda.com.mx\/index.php\/wp-json\/wp\/v2\/comments?post=1034"}],"version-history":[{"count":2,"href":"https:\/\/lavereda.com.mx\/index.php\/wp-json\/wp\/v2\/posts\/1034\/revisions"}],"predecessor-version":[{"id":1043,"href":"https:\/\/lavereda.com.mx\/index.php\/wp-json\/wp\/v2\/posts\/1034\/revisions\/1043"}],"wp:featuredmedia":[{"embeddable":true,"href":"https:\/\/lavereda.com.mx\/index.php\/wp-json\/wp\/v2\/media\/1035"}],"wp:attachment":[{"href":"https:\/\/lavereda.com.mx\/index.php\/wp-json\/wp\/v2\/media?parent=1034"}],"wp:term":[{"taxonomy":"category","embeddable":true,"href":"https:\/\/lavereda.com.mx\/index.php\/wp-json\/wp\/v2\/categories?post=1034"},{"taxonomy":"post_tag","embeddable":true,"href":"https:\/\/lavereda.com.mx\/index.php\/wp-json\/wp\/v2\/tags?post=1034"}],"curies":[{"name":"wp","href":"https:\/\/api.w.org\/{rel}","templated":true}]}}