{"id":1024,"date":"2020-12-03T02:18:48","date_gmt":"2020-12-03T02:18:48","guid":{"rendered":"http:\/\/lavereda.com.mx\/?p=1024"},"modified":"2020-12-03T02:18:49","modified_gmt":"2020-12-03T02:18:49","slug":"reinauguran-mural-y-develan-placa-del-escritor-julio-torri","status":"publish","type":"post","link":"https:\/\/lavereda.com.mx\/index.php\/2020\/12\/03\/reinauguran-mural-y-develan-placa-del-escritor-julio-torri\/","title":{"rendered":"Reinauguran mural y develan placa del escritor Julio Torri"},"content":{"rendered":"\n<p>La Direcci\u00f3n General de Cultura de Torre\u00f3n inform\u00f3 que este jueves 3 de diciembre a las 10:00 horas, se presentar\u00e1n de manera oficial tres proyectos culturales que iniciaron en meses anteriores. Se realizar\u00e1 un recorrido por cada uno de ellos con la presencia del alcalde Jorge Zerme\u00f1o.<\/p>\n\n\n\n<p>Iniciar\u00e1n en la Av. Allende entre las calles Ram\u00f3n Corona y Galeana, justo debajo de la explanada del edificio de presidencia, ya que en los accesos al estacionamiento fue instalada una galer\u00eda al aire libre, en la que se presentan fotograf\u00edas de los recintos hist\u00f3ricos de la ciudad. La galer\u00eda ofrecer\u00e1 diversas exposiciones de manera temporal, con lo que se convierte en un nuevo punto de encuentro cultural en el espacio p\u00fablico. <\/p>\n\n\n\n<p>La segunda parada ser\u00e1 en el Centro Cultural Pablo C. Moreno a las 10:40 am, donde se presentar\u00e1 la reinstalaci\u00f3n de una placa alusiva al lugar en el que durante un tiempo vivi\u00f3 el c\u00e9lebre escritor\u00a0\u00a0Julio Torri. La placa\u00a0\u00a0fue rescatada, ya que se encontraba abandonada en un almac\u00e9n, para la explicaci\u00f3n de su historia se contar\u00e1 con la participaci\u00f3n del Historiador Carlos Casta\u00f1\u00f3n Cuadros, director del Archivo Municipal, adem\u00e1s se recorrer\u00e1 el centro cultural para presentar los trabajos de mantenimiento que se han realizado durante el confinamiento.<\/p>\n\n\n\n<p>El recorrido concluye a las 11:00 am en el Centro cultural Jabonera \u201cLa Uni\u00f3n\u201d&nbsp;&nbsp;con la presentaci\u00f3n oficial de la reubicaci\u00f3n de la pintura a gran formato \u201cLa peque\u00f1a y grande historia de Torre\u00f3n\u201d del artista lagunero Manuel Mu\u00f1oz Olivares.&nbsp;<\/p>\n\n\n\n<p>Luego de un exhaustivo trabajo de restauraci\u00f3n y conservaci\u00f3n a cargo de Jorge Gonz\u00e1lez Lucio, la obra de Mu\u00f1oz Olivares ha quedado lista para estar nuevamente al alcance de la ciudadan\u00eda, ahora en el interior del Centro Cultural Jabonera \u201cLa Uni\u00f3n\u201d.<\/p>\n\n\n\n<blockquote class=\"wp-block-quote is-layout-flow wp-block-quote-is-layout-flow\"><p>\u201cLa peque\u00f1a y grande historia de Torre\u00f3n\u201d, tambi\u00e9n conocida como \u201cY as\u00ed vencimos al desierto\u201d fue inaugurada en el antiguo edificio de presidencia municipal en octubre de 1981 por el entonces Alcalde Homero del Bosque Villarreal y por su autor. Ah\u00ed permaneci\u00f3 durante casi 30 a\u00f1os, hasta su demolici\u00f3n, desde entonces, la obra estuvo en resguardo en diferentes sitios, como el Museo Arocena, y recientemente en el Museo del Algod\u00f3n.\u00a0<\/p><\/blockquote>\n\n\n\n<p>Ahora, en un esfuerzo por\u00a0preservar y rescatar el acervo patrimonial, hist\u00f3rico y art\u00edstico de la ciudad, se ha logrado atender el rescate de esta obra.<\/p>\n","protected":false},"excerpt":{"rendered":"<p>La Direcci\u00f3n General de Cultura de Torre\u00f3n inform\u00f3 que este jueves 3 de diciembre a las 10:00 horas, se presentar\u00e1n de manera oficial tres proyectos culturales que iniciaron en meses &hellip; <a href=\"https:\/\/lavereda.com.mx\/index.php\/2020\/12\/03\/reinauguran-mural-y-develan-placa-del-escritor-julio-torri\/\" class=\"more-link\">Leer m\u00e1s<\/a><\/p>\n","protected":false},"author":1,"featured_media":1025,"comment_status":"open","ping_status":"open","sticky":false,"template":"","format":"standard","meta":{"footnotes":""},"categories":[3,18],"tags":[],"class_list":["post-1024","post","type-post","status-publish","format-standard","has-post-thumbnail","hentry","category-artes-visuales","category-lomasrelevante","entry"],"_links":{"self":[{"href":"https:\/\/lavereda.com.mx\/index.php\/wp-json\/wp\/v2\/posts\/1024","targetHints":{"allow":["GET"]}}],"collection":[{"href":"https:\/\/lavereda.com.mx\/index.php\/wp-json\/wp\/v2\/posts"}],"about":[{"href":"https:\/\/lavereda.com.mx\/index.php\/wp-json\/wp\/v2\/types\/post"}],"author":[{"embeddable":true,"href":"https:\/\/lavereda.com.mx\/index.php\/wp-json\/wp\/v2\/users\/1"}],"replies":[{"embeddable":true,"href":"https:\/\/lavereda.com.mx\/index.php\/wp-json\/wp\/v2\/comments?post=1024"}],"version-history":[{"count":1,"href":"https:\/\/lavereda.com.mx\/index.php\/wp-json\/wp\/v2\/posts\/1024\/revisions"}],"predecessor-version":[{"id":1026,"href":"https:\/\/lavereda.com.mx\/index.php\/wp-json\/wp\/v2\/posts\/1024\/revisions\/1026"}],"wp:featuredmedia":[{"embeddable":true,"href":"https:\/\/lavereda.com.mx\/index.php\/wp-json\/wp\/v2\/media\/1025"}],"wp:attachment":[{"href":"https:\/\/lavereda.com.mx\/index.php\/wp-json\/wp\/v2\/media?parent=1024"}],"wp:term":[{"taxonomy":"category","embeddable":true,"href":"https:\/\/lavereda.com.mx\/index.php\/wp-json\/wp\/v2\/categories?post=1024"},{"taxonomy":"post_tag","embeddable":true,"href":"https:\/\/lavereda.com.mx\/index.php\/wp-json\/wp\/v2\/tags?post=1024"}],"curies":[{"name":"wp","href":"https:\/\/api.w.org\/{rel}","templated":true}]}}