{"id":1021,"date":"2020-12-02T23:12:18","date_gmt":"2020-12-02T23:12:18","guid":{"rendered":"http:\/\/lavereda.com.mx\/?p=1021"},"modified":"2020-12-02T23:12:20","modified_gmt":"2020-12-02T23:12:20","slug":"los-museos-son-de-los-lugares-mas-seguros-para-visitar-fabiola-favila","status":"publish","type":"post","link":"https:\/\/lavereda.com.mx\/index.php\/2020\/12\/02\/los-museos-son-de-los-lugares-mas-seguros-para-visitar-fabiola-favila\/","title":{"rendered":"Los museos son de los lugares m\u00e1s seguros para visitar: Fabiola Favila"},"content":{"rendered":"\n<p>Tras casi 17 a\u00f1os de trabajo en el Museo Arocena, donde se desempe\u00f1\u00f3 en el \u00e1rea de servicios educativos, Fabiola Favila fue nombrada subdirectora de este recinto el pasado 1 de diciembre, al dejar el puesto de directora Rosario Ramos Salas. Es licenciada en Comunicaci\u00f3n con Maestr\u00eda en procesos educativos. Es una de las promotoras culturales m\u00e1s j\u00f3venes en la regi\u00f3n lagunera.<\/p>\n\n\n\n<p>Fabiola coment\u00f3 que se decidi\u00f3 generar este puesto de subdirecci\u00f3n y que no va a haber otra direcci\u00f3n, \u201ces una transici\u00f3n muy sutil y cautelosa por los momentos que estamos viviendo tan complejos e inciertos\u201d.<\/p>\n\n\n\n<p>En entrevista para La Vereda, comparti\u00f3 que este nuevo puesto es un gran reto para ella en todos los sentidos. \u201cSon tiempos complicados en la salud, en las finanzas, en la cultura no se diga. Es un reto nuevo en cuanto a funciones, pero llevo aqu\u00ed mucho tiempo y eso me ha ayudado a comprender y conocer las diferentes \u00e1reas que conforman al museo, trabajando en coordinaci\u00f3n, es un reto compartido, somos equipo. La maestra Rosario consolid\u00f3 un equipo de coordinadores muy capacitados, maduros. Eso me da mucho entusiasmo y confianza\u201d.<\/p>\n\n\n\n<p><strong>\u00bfCu\u00e1les son algunos de tus pr\u00f3ximos proyectos?<\/strong><\/p>\n\n\n\n<p>Tenemos ya varias l\u00edneas de trabajo, queremos totalmente continuar con los programas base del museo como las exposiciones, programas acad\u00e9micos y educativos. Seguir teniendo mucha cercan\u00eda con nuestra comunidad, por otro lado, tambi\u00e9n ya empezamos de manera interna con muchos proyectos encaminados hacia lo digital.&nbsp;<\/p>\n\n\n\n<p>El pr\u00f3ximo a\u00f1o vamos a reforzar estos esfuerzos, dar continuidad a todo lo que se ha trasladado a las plataformas y redes sociales, como c\u00edrculos de lectura, biblioteca, el ciclo de cine Cuadro por cuadro y el trabajo con escuelas a distancia. Ese es el camino donde debemos estar trabajando. Todos los centros culturales estamos en esa l\u00ednea.<\/p>\n\n\n\n<p><strong>\u00bfSe continuar\u00e1 tambi\u00e9n con horario presencial?<\/strong><\/p>\n\n\n\n<p>Abrimos mi\u00e9rcoles, s\u00e1bados y domingos de 10:00 a 18:00 horas, los museos son de los lugares m\u00e1s seguros para visitar en esta contingencia. Son espacios abiertos con todas las normas de seguridad, tenemos los protocolos muy bien establecidos. Los museos son espacios que podremos seguir visitando.<\/p>\n\n\n\n<p><strong>\u00bfC\u00f3mo est\u00e1 respondiendo la gente?<\/strong><\/p>\n\n\n\n<p>Cuando hay m\u00e1s contagios en la regi\u00f3n disminuye el p\u00fablico, pero despu\u00e9s empezamos a ver m\u00e1s visitantes. El domingo es el d\u00eda familiar y de mayor visita.<\/p>\n\n\n\n<p><strong>\u00bfC\u00f3mo sientes que le ha ido al Museo en estos 8 meses de pandemia?<\/strong><\/p>\n\n\n\n<p>S\u00ed se hicieron ajustes, inclusive en los horarios. Esto nos ha hecho replantear muchas cuestiones laborales y de p\u00fablico, desde el momento de cerrar, de trabajar desde casa, ahora estamos trabajando con horarios especiales, hacemos guardias para cuidar al personal. Vamos avanzando con mucho cuidado.<\/p>\n\n\n\n<p>Fabiola record\u00f3 la reciente inauguraci\u00f3n virtual de la muestra \u201cActos de Dios\u201d de Pablo Vargas Lugo, que est\u00e1 abierta para el p\u00fablico presencial. Es una exposici\u00f3n multimedia de arte contempor\u00e1neo.&nbsp;<\/p>\n\n\n\n<p><strong>\u00bfCu\u00e1l crees que es la percepci\u00f3n del p\u00fablico hacia el Museo?<\/strong><\/p>\n\n\n\n<blockquote class=\"wp-block-quote is-layout-flow wp-block-quote-is-layout-flow\"><p>Durante estos 14 a\u00f1os el museo ha trabajando muy de cerca con su p\u00fablico, yo s\u00ed creo que se tiene buena percepci\u00f3n, es un museo con laguneros trabajando para laguneros. Yo espero que la comunidad nos siga percibiendo cercanos. Lo puedo notar con grupos de la tercera edad, dejar de venir al museo les afect\u00f3 mucho. La necesidad de continuar con sus clases a distancia fue muy notoria, el p\u00fablico est\u00e1 contento con el museo, lo siente parte de su vida cotidiana.\u00a0<\/p><\/blockquote>\n\n\n\n<p><strong>\u00bfC\u00f3mo ser\u00e1 el trabajo con el p\u00fablico infantil?<\/strong><\/p>\n\n\n\n<p>Mariana Torres se quedar\u00e1 a cargo del departamento educativo. En relaci\u00f3n a las escuelas se gener\u00f3 un micro sitio dentro de la p\u00e1gina web que se llama \u201cDescubrir juntos el arte en l\u00ednea\u201d. Alumnos y profesores pueden acceder a una serie de materiales de descarga para generarlos en la escuela, es una p\u00e1gina muy amigable, hay niveles de preescolar, primaria, secundaria. Se puede acceder a muchos materiales de la Colecci\u00f3n Arocena.<\/p>\n","protected":false},"excerpt":{"rendered":"<p>Tras casi 17 a\u00f1os de trabajo en el Museo Arocena, donde se desempe\u00f1\u00f3 en el \u00e1rea de servicios educativos, Fabiola Favila fue nombrada subdirectora de este recinto el pasado 1 &hellip; <a href=\"https:\/\/lavereda.com.mx\/index.php\/2020\/12\/02\/los-museos-son-de-los-lugares-mas-seguros-para-visitar-fabiola-favila\/\" class=\"more-link\">Leer m\u00e1s<\/a><\/p>\n","protected":false},"author":9,"featured_media":1022,"comment_status":"open","ping_status":"open","sticky":false,"template":"","format":"standard","meta":{"footnotes":""},"categories":[3,18],"tags":[],"class_list":["post-1021","post","type-post","status-publish","format-standard","has-post-thumbnail","hentry","category-artes-visuales","category-lomasrelevante","entry"],"_links":{"self":[{"href":"https:\/\/lavereda.com.mx\/index.php\/wp-json\/wp\/v2\/posts\/1021","targetHints":{"allow":["GET"]}}],"collection":[{"href":"https:\/\/lavereda.com.mx\/index.php\/wp-json\/wp\/v2\/posts"}],"about":[{"href":"https:\/\/lavereda.com.mx\/index.php\/wp-json\/wp\/v2\/types\/post"}],"author":[{"embeddable":true,"href":"https:\/\/lavereda.com.mx\/index.php\/wp-json\/wp\/v2\/users\/9"}],"replies":[{"embeddable":true,"href":"https:\/\/lavereda.com.mx\/index.php\/wp-json\/wp\/v2\/comments?post=1021"}],"version-history":[{"count":1,"href":"https:\/\/lavereda.com.mx\/index.php\/wp-json\/wp\/v2\/posts\/1021\/revisions"}],"predecessor-version":[{"id":1023,"href":"https:\/\/lavereda.com.mx\/index.php\/wp-json\/wp\/v2\/posts\/1021\/revisions\/1023"}],"wp:featuredmedia":[{"embeddable":true,"href":"https:\/\/lavereda.com.mx\/index.php\/wp-json\/wp\/v2\/media\/1022"}],"wp:attachment":[{"href":"https:\/\/lavereda.com.mx\/index.php\/wp-json\/wp\/v2\/media?parent=1021"}],"wp:term":[{"taxonomy":"category","embeddable":true,"href":"https:\/\/lavereda.com.mx\/index.php\/wp-json\/wp\/v2\/categories?post=1021"},{"taxonomy":"post_tag","embeddable":true,"href":"https:\/\/lavereda.com.mx\/index.php\/wp-json\/wp\/v2\/tags?post=1021"}],"curies":[{"name":"wp","href":"https:\/\/api.w.org\/{rel}","templated":true}]}}