{"id":1018,"date":"2020-12-02T01:25:33","date_gmt":"2020-12-02T01:25:33","guid":{"rendered":"http:\/\/lavereda.com.mx\/?p=1018"},"modified":"2020-12-02T01:25:34","modified_gmt":"2020-12-02T01:25:34","slug":"demian-bichir-dramatizara-el-chac-mool-de-carlos-fuentes","status":"publish","type":"post","link":"https:\/\/lavereda.com.mx\/index.php\/2020\/12\/02\/demian-bichir-dramatizara-el-chac-mool-de-carlos-fuentes\/","title":{"rendered":"Demi\u00e1n Bichir dramatizar\u00e1 el \u201cChac Mool\u201d de Carlos Fuentes"},"content":{"rendered":"\n<ul class=\"wp-block-list\"><li><em>Como parte de un homenaje al escritor mexicano, el primer actor participar\u00e1\u00a0en la edici\u00f3n especial en l\u00ednea de la FIL Guadalajara 2020, con una lectura dramatizada presentada por Silvia Lemus, periodista y esposa de Fuentes<\/em><\/li><\/ul>\n\n\n\n<p>El primer actor mexicano Demi\u00e1n Bichir, rendir\u00e1 un homenaje Carlos Fuentes en la Feria Internacional del Libro de Guadalajara, edici\u00f3n especial en l\u00ednea 2020, con una lectura dramatizada del cuento \u201cChac Mool\u201d. Los interesados podr\u00e1n disfrutar esta actividad en la p\u00e1gina web de la FIL (<a href=\"http:\/\/www.fil.com.mx\/\" target=\"_blank\" rel=\"noreferrer noopener\">www.fil.com.mx<\/a>) y sus redes sociales, el pr\u00f3ximo jueves 3 de diciembre, a las 19:00 horas, que contar\u00e1 con la participaci\u00f3n de Silvia Lemus, viuda del autor de&nbsp;<em>La muerte de Artemio Cruz<\/em>, as\u00ed como de Marisol Schulz, directora general de la FIL Guadalajara.&nbsp;<\/p>\n\n\n\n<blockquote class=\"wp-block-quote is-layout-flow wp-block-quote-is-layout-flow\"><p>\u201cHoy domingo, aprovech\u00e9 para ir a la Lagunilla. Encontr\u00e9 el Chac Mool en la tienducha que me se\u00f1al\u00f3 Pepe. Es una pieza preciosa, de tama\u00f1o natural, y aunque el marchante asegura su originalidad, lo dudo. La piedra es corriente, pero ello no aminora la elegancia de la postura o lo macizo del bloque\u201d, se lee en el relato, uno de los m\u00e1s conocidos de Carlos Fuentes, publicado originalmente en 1954 \u2014como parte de la antolog\u00eda\u00a0<em>Los d\u00edas enmascarados<\/em>\u2014, y cuya lectura dramatizada cont\u00f3 con el apoyo de editorial Era.<\/p><\/blockquote>\n\n\n\n<p>La periodista mexicana y esposa de Carlos Fuentes (1928-2012), Silvia Lemus, considera que el\u201d Chac Mool\u201d es para los mexicanos una de las \u201cformas cosmol\u00f3gicas de su M\u00e9xico que se resiste a morir y se manifiesta a trav\u00e9s de un misterio. La an\u00e9cdota gira en torno a la resistencia de nuestras viejas formas de vida\u201d. Adem\u00e1s, reconoce que la obra del creador de t\u00edtulos como&nbsp;<em>Aura<\/em>&nbsp;y&nbsp;<em>Terra Nostra<\/em>&nbsp;\u201csiempre se encuentra a la vanguardia del tiempo y del espacio mexicano\u201d.<\/p>\n\n\n\n<p>El multipremiado actor mexicano Demi\u00e1n Bichir ser\u00e1 el encargado de dar voz a Filiberto, protagonista del relato, en un evento virtual que forma parte del homenaje permanente que la FIL hace a Carlos Fuentes, quien fue un gran amigo y aliado de la Feria. Todas las actividades de la edici\u00f3n 34 de la FIL Guadalajara son gratuitas y se puede acceder a ellas en la direcci\u00f3n&nbsp;<a href=\"http:\/\/www.fil.com.mx\/\" target=\"_blank\" rel=\"noreferrer noopener\">www.fil.com.mx<\/a>.<\/p>\n","protected":false},"excerpt":{"rendered":"<p>Como parte de un homenaje al escritor mexicano, el primer actor participar\u00e1\u00a0en la edici\u00f3n especial en l\u00ednea de la FIL Guadalajara 2020, con una lectura dramatizada presentada por Silvia Lemus, &hellip; <a href=\"https:\/\/lavereda.com.mx\/index.php\/2020\/12\/02\/demian-bichir-dramatizara-el-chac-mool-de-carlos-fuentes\/\" class=\"more-link\">Leer m\u00e1s<\/a><\/p>\n","protected":false},"author":1,"featured_media":1019,"comment_status":"open","ping_status":"open","sticky":false,"template":"","format":"standard","meta":{"footnotes":""},"categories":[5,18],"tags":[],"class_list":["post-1018","post","type-post","status-publish","format-standard","has-post-thumbnail","hentry","category-letras-y-libros","category-lomasrelevante","entry"],"_links":{"self":[{"href":"https:\/\/lavereda.com.mx\/index.php\/wp-json\/wp\/v2\/posts\/1018","targetHints":{"allow":["GET"]}}],"collection":[{"href":"https:\/\/lavereda.com.mx\/index.php\/wp-json\/wp\/v2\/posts"}],"about":[{"href":"https:\/\/lavereda.com.mx\/index.php\/wp-json\/wp\/v2\/types\/post"}],"author":[{"embeddable":true,"href":"https:\/\/lavereda.com.mx\/index.php\/wp-json\/wp\/v2\/users\/1"}],"replies":[{"embeddable":true,"href":"https:\/\/lavereda.com.mx\/index.php\/wp-json\/wp\/v2\/comments?post=1018"}],"version-history":[{"count":1,"href":"https:\/\/lavereda.com.mx\/index.php\/wp-json\/wp\/v2\/posts\/1018\/revisions"}],"predecessor-version":[{"id":1020,"href":"https:\/\/lavereda.com.mx\/index.php\/wp-json\/wp\/v2\/posts\/1018\/revisions\/1020"}],"wp:featuredmedia":[{"embeddable":true,"href":"https:\/\/lavereda.com.mx\/index.php\/wp-json\/wp\/v2\/media\/1019"}],"wp:attachment":[{"href":"https:\/\/lavereda.com.mx\/index.php\/wp-json\/wp\/v2\/media?parent=1018"}],"wp:term":[{"taxonomy":"category","embeddable":true,"href":"https:\/\/lavereda.com.mx\/index.php\/wp-json\/wp\/v2\/categories?post=1018"},{"taxonomy":"post_tag","embeddable":true,"href":"https:\/\/lavereda.com.mx\/index.php\/wp-json\/wp\/v2\/tags?post=1018"}],"curies":[{"name":"wp","href":"https:\/\/api.w.org\/{rel}","templated":true}]}}