{"id":1015,"date":"2020-12-01T23:35:25","date_gmt":"2020-12-01T23:35:25","guid":{"rendered":"http:\/\/lavereda.com.mx\/?p=1015"},"modified":"2020-12-01T23:35:27","modified_gmt":"2020-12-01T23:35:27","slug":"ofrecen-curso-de-introduccion-a-la-direccion-musical","status":"publish","type":"post","link":"https:\/\/lavereda.com.mx\/index.php\/2020\/12\/01\/ofrecen-curso-de-introduccion-a-la-direccion-musical\/","title":{"rendered":"Ofrecen curso de introducci\u00f3n a la direcci\u00f3n musical"},"content":{"rendered":"\n<ul class=\"wp-block-list\"><li><em><strong>La Universidad Aut\u00f3noma de Coahuila organiza este curso impartido por  la maestra Natalia Riazanova<\/strong><\/em><\/li><\/ul>\n\n\n\n<p>Las actividades musicales y sobre todo de aprendizaje no se detienen en tiempos de pandemia. Prueba de ello, es este curso que en d\u00edas recientes se anunci\u00f3:<\/p>\n\n\n\n<p>Bajo la batuta de la maestra Natalia Riazanova, la Universidad Aut\u00f3noma de Coahuila Unidad Torre\u00f3n, a trav\u00e9s del Departamento de Difusi\u00f3n Cultural (DDC), present\u00f3 su Curso\u2013Taller en l\u00ednea \u201cIntroducci\u00f3n a la T\u00e9cnica de Direcci\u00f3n\u201d.<\/p>\n\n\n\n<p>En rueda de prensa, la Coordinadora de la Unidad Torre\u00f3n, Sandra L\u00f3pez Chavarr\u00eda, inform\u00f3 que esta actividad est\u00e1 encaminada a la profesionalizaci\u00f3n de quienes siendo m\u00fasicos o directores (as) de grupos, podr\u00edan enriquecer sus conocimientos te\u00f3ricos y pr\u00e1cticos para dirigir a\u00fan mejor.<\/p>\n\n\n\n<p>Uno de los objetivos es que se sumen a esta propuesta de capacitaci\u00f3n aquellos y aquellas personas que ya trabajan en los niveles educativos b\u00e1sicos y medio, y que imparten clases o dirigen peque\u00f1os grupos musicales infantiles, juveniles y\/o profesionales. <\/p>\n\n\n\n<p>Quienes se interesen podr\u00e1n informarse de manera directa en los tel\u00e9fonos 871-459-11-65 y 871-729-32-17; o bien enviar un correo a:&nbsp;<a href=\"mailto:difusionculturaluacut@hotmail.com\"><strong><em>difusionculturaluacut@hotmail.com<\/em><\/strong><\/a>. Cabe decir que es un curso proped\u00e9utico hacia el Diplomado que la UAdeC ofrecer\u00e1 a partir de febrero pr\u00f3ximo.<\/p>\n\n\n\n<p>Habr\u00e1 un cupo limitado a 20 personas, para con ello optimizar el proceso de ense\u00f1anza-aprendizaje a trav\u00e9s de la plataforma zoom, que es como lo impartir\u00e1 la m\u00fasica de origen ruso de amplia y reconocida trayectoria internacional, Natalia Riazanova.<\/p>\n\n\n\n<blockquote class=\"wp-block-quote is-layout-flow wp-block-quote-is-layout-flow\"><p>La maestra Riazanova dise\u00f1\u00f3 el contenido de este curso que consolidar\u00e1 la capacidad de quienes lo tomen, y de inmediato vean los resultados al dirigir sus coros, orquestas, bandas, ensambles o grupos musicales.<\/p><\/blockquote>\n\n\n\n<p>Son cinco las sesiones programadas, de dos horas cada una, los d\u00edas 7, 8, 11, 14 y 16 de diciembre.&nbsp;<\/p>\n\n\n\n<p><\/p>\n","protected":false},"excerpt":{"rendered":"<p>La Universidad Aut\u00f3noma de Coahuila organiza este curso impartido por la maestra Natalia Riazanova Las actividades musicales y sobre todo de aprendizaje no se detienen en tiempos de pandemia. Prueba &hellip; <a href=\"https:\/\/lavereda.com.mx\/index.php\/2020\/12\/01\/ofrecen-curso-de-introduccion-a-la-direccion-musical\/\" class=\"more-link\">Leer m\u00e1s<\/a><\/p>\n","protected":false},"author":1,"featured_media":1016,"comment_status":"open","ping_status":"open","sticky":false,"template":"","format":"standard","meta":{"footnotes":""},"categories":[18,4],"tags":[],"class_list":["post-1015","post","type-post","status-publish","format-standard","has-post-thumbnail","hentry","category-lomasrelevante","category-musica","entry"],"_links":{"self":[{"href":"https:\/\/lavereda.com.mx\/index.php\/wp-json\/wp\/v2\/posts\/1015","targetHints":{"allow":["GET"]}}],"collection":[{"href":"https:\/\/lavereda.com.mx\/index.php\/wp-json\/wp\/v2\/posts"}],"about":[{"href":"https:\/\/lavereda.com.mx\/index.php\/wp-json\/wp\/v2\/types\/post"}],"author":[{"embeddable":true,"href":"https:\/\/lavereda.com.mx\/index.php\/wp-json\/wp\/v2\/users\/1"}],"replies":[{"embeddable":true,"href":"https:\/\/lavereda.com.mx\/index.php\/wp-json\/wp\/v2\/comments?post=1015"}],"version-history":[{"count":1,"href":"https:\/\/lavereda.com.mx\/index.php\/wp-json\/wp\/v2\/posts\/1015\/revisions"}],"predecessor-version":[{"id":1017,"href":"https:\/\/lavereda.com.mx\/index.php\/wp-json\/wp\/v2\/posts\/1015\/revisions\/1017"}],"wp:featuredmedia":[{"embeddable":true,"href":"https:\/\/lavereda.com.mx\/index.php\/wp-json\/wp\/v2\/media\/1016"}],"wp:attachment":[{"href":"https:\/\/lavereda.com.mx\/index.php\/wp-json\/wp\/v2\/media?parent=1015"}],"wp:term":[{"taxonomy":"category","embeddable":true,"href":"https:\/\/lavereda.com.mx\/index.php\/wp-json\/wp\/v2\/categories?post=1015"},{"taxonomy":"post_tag","embeddable":true,"href":"https:\/\/lavereda.com.mx\/index.php\/wp-json\/wp\/v2\/tags?post=1015"}],"curies":[{"name":"wp","href":"https:\/\/api.w.org\/{rel}","templated":true}]}}