{"id":1012,"date":"2020-11-30T18:28:34","date_gmt":"2020-11-30T18:28:34","guid":{"rendered":"http:\/\/lavereda.com.mx\/?p=1012"},"modified":"2020-11-30T18:28:35","modified_gmt":"2020-11-30T18:28:35","slug":"rosario-ramos-se-despide-del-museo-arocena","status":"publish","type":"post","link":"https:\/\/lavereda.com.mx\/index.php\/2020\/11\/30\/rosario-ramos-se-despide-del-museo-arocena\/","title":{"rendered":"Rosario Ramos se despide del Museo Arocena"},"content":{"rendered":"\n<p>El Museo Arocena inform\u00f3 que a partir del d\u00eda de ma\u00f1ana, martes 1 de diciembre, la directora Rosario Ramos Salas deja voluntariamente el puesto de direcci\u00f3n en el este recinto.<\/p>\n\n\n\n<p>\u00abEs una noticia que nos entristece y a la par nos llena de gratitud. Bajo su liderazgo el Museo Arocena se ha situado como una instituci\u00f3n cultural referente no solo a nivel local sino internacional. Durante m\u00e1s de catorce a\u00f1os de su gesti\u00f3n, el museo multiplic\u00f3 sus espacios de exhibici\u00f3n e increment\u00f3 sus actividades y programas culturales; logrando cautivar a un gran n\u00famero de visitantes que poco a poco establecieron una comunidad cultural s\u00f3lida y unida\u00bb, comparti\u00f3 el departamento de Comunicaci\u00f3n y Difusi\u00f3n.<\/p>\n\n\n\n<p>La instituci\u00f3n comparti\u00f3 el comunicado de despedida de Rosario Ramos, tras 14 a\u00f1os al frente:<\/p>\n\n\n\n<blockquote class=\"wp-block-quote is-layout-flow wp-block-quote-is-layout-flow\"><p>\u00ab<em>En mayo del a\u00f1o 2006, fui invitada a asumir el cargo de directora del Museo Arocena, el cual fue inaugurado el 26 de agosto del mismo a\u00f1o. Acept\u00e9 de manera entusiasmada y consciente del reto y la oportunidad para dirigir un museo de arte, el primero en la ciudad.<br><br>Durante los tres a\u00f1os previos a la apertura del museo se hab\u00edan llevado a cabo las labores de recuperaci\u00f3n y readaptaci\u00f3n del hist\u00f3rico edificio del antiguo Casino de la Laguna, as\u00ed como la investigaci\u00f3n y montaje de una valiosa colecci\u00f3n de arte. El museo estaba listo para su apertura y los torreonenses tendr\u00edamos el honor y la responsabilidad de recibir y resguardar dicha colecci\u00f3n para el disfrute de los laguneros y de todos los visitantes que llegaran al museo.<br><br>Me animaba la iniciativa y generosidad, particularmente del Ingeniero Eneko Belausteguigoitia Arocena, el liderazgo decidido del Dr. Jos\u00e9 Pinto Mazal, y el respaldo del Ing. Gustavo D\u00edaz de Le\u00f3n, el cual, sumado al apoyo de la iniciativa privada representada en el consejo del Centro Cultural Arocena Laguna A. C, el impulso de los gobiernos federal, estatal y municipal, el entusiasmo incondicional del grupo Amigas del museo y por supuesto el aliento de cientos de ciudadanos que hab\u00edan contribuido para que Torre\u00f3n contara con un museo de arte. Sin duda ser\u00eda reto enorme. Luego de catorce a\u00f1os y siete meses al frente del museo, ha llegado el momento de dejar la direcci\u00f3n y ceder la estafeta a otra persona para el liderazgo del museo.<br><br>Para m\u00ed ha sido un gran privilegio encabezar un equipo de profesionistas de museos altamente capacitado y humano y con la camiseta bien puesta. Haber convivido con mi equipo, entusiasmarnos con los diferentes proyectos que se presentaban y vivido experiencias que han enriquecido mi vida, vivencias que van desde los a\u00f1os de violencia que sufrimos en la regi\u00f3n en los que el museo nunca cerr\u00f3 sus puertas, la ampliaci\u00f3n a tres edificios que son ahora ejemplo de espacios muse\u00edsticos modernos y seguros, el haber llevado a cabo en el 2009, el \u00fanico congreso internacional de profesionales de museos, y en este a\u00f1o tan complicado para todos, el primer Encuentro de Educaci\u00f3n y Museos, una reflexi\u00f3n sobre la paz desde los museos y el VI Congreso Nacional de Casas Museo. Adem\u00e1s de m\u00e1s de 70 exhibiciones de lo mejor del arte nacional e internacional, la vinculaci\u00f3n con m\u00e1s de 200 instituciones culturales, universidades y centros de investigaci\u00f3n y nuestro Programa Educativo, \u00fanico en el pa\u00eds que nos permiti\u00f3 acercar al arte y a la historia a cerca de 50 mil ni\u00f1os en cada ciclo escolar.<br><br>Agradezco de igual forma, a ustedes los medios de comunicaci\u00f3n por su valiosa contribuci\u00f3n y apoyo al difundir puntualmente cada una de nuestras actividades, cada uno de nuestros logros y permitirnos llegar a tanto p\u00fablico a trav\u00e9s de su valiosa voz.<br><br>Los museos son instituciones que permanecen en el tiempo. Nuestro museo es todav\u00eda joven, y tendr\u00e1, estoy segura una larga vida llena de \u00e9xitos, donde seguramente seguir\u00e1 dando fruto a las generaciones presentes y por venir.<br><br>Debo tambi\u00e9n agradecer el apoyo de los tres niveles de gobierno, desde la federaci\u00f3n, el gobierno del estado de Coahuila, el municipio de Torre\u00f3n, el del Grupo de amigas y amigos, benefactores que entienden que el museo es un espacio para elevar la cultura y la calidad de vida de los laguneros.<br><br>Este a\u00f1o de 2020, debido a la pandemia que se vive en el mundo quedar\u00e1 en nuestra memoria como un a\u00f1o in\u00e9dito y complejo. Este hecho reforz\u00f3 la decisi\u00f3n que yo hab\u00eda tomado desde el pasado mes de enero, que era tiempo de dejar paso a las nuevas generaciones.<br><br>Despu\u00e9s de un an\u00e1lisis cuidadoso sobre la persona que deber\u00eda tomar la estafeta, se pens\u00f3 que lo mejor ser\u00eda seleccionar a algun@ de los integrantes del personal del propio museo y se decidi\u00f3 nombrar a la Licenciada Fabiola Favila Gallegos como subdirectora del museo. Fabiola es actualmente coordinadora del \u00e1rea de Educaci\u00f3n con casi 17 a\u00f1os de antig\u00fcedad en el museo. Es licenciada en Comunicaci\u00f3n y tiene una maestr\u00eda en Procesos Educativos y el diplomado en Direcci\u00f3n y Gesti\u00f3n de Museos, adem\u00e1s de los a\u00f1os de servicio en el museo.<\/em><\/p><\/blockquote>\n\n\n\n<p>Por \u00faltimo destac\u00f3: <em>\u00abexternar mi agradecimiento profundo a todos los consejeros, amigas y amigos, benefactores y personal del museo, en especial al Ing. Eneko Belausteguigoitia Arocena, al Dr. Jos\u00e9 Pinto Mazal y al Ing. Gustavo D\u00edaz de Le\u00f3n Hern\u00e1ndez \u00ab.<\/em><\/p>\n","protected":false},"excerpt":{"rendered":"<p>El Museo Arocena inform\u00f3 que a partir del d\u00eda de ma\u00f1ana, martes 1 de diciembre, la directora Rosario Ramos Salas deja voluntariamente el puesto de direcci\u00f3n en el este recinto. &hellip; <a href=\"https:\/\/lavereda.com.mx\/index.php\/2020\/11\/30\/rosario-ramos-se-despide-del-museo-arocena\/\" class=\"more-link\">Leer m\u00e1s<\/a><\/p>\n","protected":false},"author":1,"featured_media":1013,"comment_status":"open","ping_status":"open","sticky":false,"template":"","format":"standard","meta":{"footnotes":""},"categories":[3,18],"tags":[],"class_list":["post-1012","post","type-post","status-publish","format-standard","has-post-thumbnail","hentry","category-artes-visuales","category-lomasrelevante","entry"],"_links":{"self":[{"href":"https:\/\/lavereda.com.mx\/index.php\/wp-json\/wp\/v2\/posts\/1012","targetHints":{"allow":["GET"]}}],"collection":[{"href":"https:\/\/lavereda.com.mx\/index.php\/wp-json\/wp\/v2\/posts"}],"about":[{"href":"https:\/\/lavereda.com.mx\/index.php\/wp-json\/wp\/v2\/types\/post"}],"author":[{"embeddable":true,"href":"https:\/\/lavereda.com.mx\/index.php\/wp-json\/wp\/v2\/users\/1"}],"replies":[{"embeddable":true,"href":"https:\/\/lavereda.com.mx\/index.php\/wp-json\/wp\/v2\/comments?post=1012"}],"version-history":[{"count":1,"href":"https:\/\/lavereda.com.mx\/index.php\/wp-json\/wp\/v2\/posts\/1012\/revisions"}],"predecessor-version":[{"id":1014,"href":"https:\/\/lavereda.com.mx\/index.php\/wp-json\/wp\/v2\/posts\/1012\/revisions\/1014"}],"wp:featuredmedia":[{"embeddable":true,"href":"https:\/\/lavereda.com.mx\/index.php\/wp-json\/wp\/v2\/media\/1013"}],"wp:attachment":[{"href":"https:\/\/lavereda.com.mx\/index.php\/wp-json\/wp\/v2\/media?parent=1012"}],"wp:term":[{"taxonomy":"category","embeddable":true,"href":"https:\/\/lavereda.com.mx\/index.php\/wp-json\/wp\/v2\/categories?post=1012"},{"taxonomy":"post_tag","embeddable":true,"href":"https:\/\/lavereda.com.mx\/index.php\/wp-json\/wp\/v2\/tags?post=1012"}],"curies":[{"name":"wp","href":"https:\/\/api.w.org\/{rel}","templated":true}]}}