{"id":1006,"date":"2020-11-29T01:04:51","date_gmt":"2020-11-29T01:04:51","guid":{"rendered":"http:\/\/lavereda.com.mx\/?p=1006"},"modified":"2020-11-29T01:04:53","modified_gmt":"2020-11-29T01:04:53","slug":"inicio-la-edicion-virtual-de-la-feria-internacional-del-libro","status":"publish","type":"post","link":"https:\/\/lavereda.com.mx\/index.php\/2020\/11\/29\/inicio-la-edicion-virtual-de-la-feria-internacional-del-libro\/","title":{"rendered":"Inici\u00f3 la edici\u00f3n virtual de la Feria Internacional del Libro"},"content":{"rendered":"\n<p>Inici\u00f3\u00a0<strong>la edici\u00f3n 34 de la<\/strong> Feria Internacional del Libro de Guadalajara (FIL) con el objetivo de que sus actividades virtuales no s\u00f3lo alcancen a un mayor p\u00fablico, sino que represente el inicio de una nueva era en la apropiaci\u00f3n tecnol\u00f3gica de las ferias literarias y\u00a0<strong>un espacio para honrar a las v\u00edctimas del COVID-19<\/strong>.<br>\u00a0<br>La ma\u00f1ana de este s\u00e1bado, desde el auditorio del Centro Universitario de Ciencias Econ\u00f3mico Administrativas (CUCEA), autoridades universitarias y de gobierno inauguraron el encuentro literario, que se transmiti\u00f3 por Canal 44 y redes sociales.<br>\u00a0<br>El Presidente de la FIL, licenciado Ra\u00fal Padilla L\u00f3pez, se dijo alegre de llevarla a cabo, pero al ser un a\u00f1o tan fat\u00eddico, debido a la pandemia, nacen sentimientos encontrados.<br>\u00a0<br>\u201c<strong>Dedicamos esta FIL a la memoria de todos los fallecidos<\/strong>. El puente que nos une con ellos \u2013como sugiri\u00f3 Thornton Wilder en su novela\u00a0<em>El puente de San Luis Rey<\/em>\u2013 es indestructible porque est\u00e1 hecho de amor, un material m\u00e1s perdurable que la memoria\u201d, manifest\u00f3.<br>\u00a0<br>Ante la crisis que tambi\u00e9n alcanz\u00f3 a la industria editorial, dijo que la FIL contin\u00faa con la labor de acercar a los agentes involucrados.<br>\u00a0<br>\u201cHemos creado FIL Negocios,\u00a0<strong>plataforma que albergar\u00e1 actividades de m\u00e1s de 5 mil profesionales del libro<\/strong>, quienes sostendr\u00e1n m\u00e1s de 2 mil 400 reuniones desde sus 53 pa\u00edses de origen. A trav\u00e9s de Di\u00e1logos de la Industria, agentes de las cadenas del libro debatir\u00e1n sobre temas de actualidad\u201d, inform\u00f3 Padilla L\u00f3pez.<br>\u00a0<br>Refiri\u00f3 que este encuentro, en un ambiente virtual, ha requerido mucho trabajo y aprendizaje, que deriv\u00f3 en un programa diverso y de gran calidad que har\u00e1 disfrutar la feria.<br>\u00a0<br>\u201cSe van a sorprender de todo lo que hemos preparado para esta ocasi\u00f3n.\u00a0<strong>A trav\u00e9s de\u00a0 nuestro sitio web se abrir\u00e1n eventos en directo, cat\u00e1logos y un mercado de libros<\/strong>\u00a0con posibilidad de seguirlos en las redes, Canal 44, Radio UdeG, Canal 22 y otros canales p\u00fablicos nacionales y latinoamericanos\u201d, subray\u00f3.<br>\u00a0<br>Destac\u00f3 la presencia de grandes personalidades, las secciones de FIL Pensamiento, La FIL Tambi\u00e9n es Ciencia, FIL J\u00f3venes y FIL Ni\u00f1os; los encuentros internacionales de Cuentistas, de Periodistas y de Lenguas Ind\u00edgenas de Am\u00e9rica, homenajes, los espect\u00e1culos esc\u00e9nicos y m\u00e1s.<br>\u00a0<br>\u201cLa FIL que inauguramos es, en esencia, nuestro evento de cada a\u00f1o, pero ahora enriquecido con las tecnolog\u00edas digitales.<strong>\u00a0Esta edici\u00f3n es un ensayo del futuro<\/strong>, pues nos prepara para un mundo que, en buena medida, ya funciona m\u00e1s virtual, digital y comunicado; es la feria en evoluci\u00f3n\u201d, recalc\u00f3.<br>\u00a0<br>Padilla L\u00f3pez dijo que \u201cLa FIL se ha consolidado, a pesar de muchas cosas, pero nunca en contra de personas o instituciones\u201d, pese a la incredulidad de quienes dudaron de su \u00e9xito y de quienes imponen cu\u00e1les discursos importan y cu\u00e1les no.<br>\u00a0<br>\u201c<strong>Los libros son, en esencia, veh\u00edculos de la libertad<\/strong>\u00a0y enemigo de cualquier tipo de fundamentalismo\u201d, reiter\u00f3.<br>\u00a0<br>El Rector General de la Universidad de Guadalajara, doctor Ricardo Villanueva Lomel\u00ed, extern\u00f3 que \u201c<strong>esta feria nos permite entregar los honores al personal de salud<\/strong>\u201d que durante esta pandemia han trabajado incansablemente por la salud de la sociedad.<br>\u00a0<br>\u201c<strong>Honores especiales a todos los universitarios<\/strong>\u00a0que han sido parte de uno de los despliegues de extensi\u00f3n y vinculaci\u00f3n universitaria m\u00e1s importantes en la historia de nuestra Casa de Estudio\u201d, indic\u00f3.<br>\u00a0<br>Record\u00f3 que, desde el 13 de marzo, hace 260 d\u00edas, se inici\u00f3 un proceso acelerado para cambiar las din\u00e1micas y llevarlas a lo virtual, por lo que \u201cesta FIL es hist\u00f3rica; es la primera que viviremos en un formato h\u00edbrido marcado por la tecnolog\u00eda\u201d.<br>\u00a0<br>\u201cEn esta nueva era mostraremos un esp\u00edritu resiliente \u2013a\u00f1adi\u00f3 Villanueva Lomel\u00ed\u2013, aspiremos a no ser igual que antes, s\u00ed los mismos, pero diferentes. Qu\u00e9 gran oportunidad de recuperar ser cercanos, abiertos, sensibles, emp\u00e1ticos; qu\u00e9 gran oportunidad para ser mejores\u201d.<br>\u00a0<br>Villanueva Lomel\u00ed dijo que en 2019 hubo 830 mil asistentes a la feria, por lo que este a\u00f1o se puede llegar a ese mismo n\u00famero de forma virtual.<br>\u00a0<br>\u201cEl reto es que para el pr\u00f3ximo a\u00f1o puedan venir y podamos ir, y entonces duplicamos para que tengamos una feria de un mill\u00f3n 600 mil asistentes,\u00a0<strong>porque la FIL no tiene que volver a ser igual<\/strong>, si recuperamos la presencialidad y mantenemos la virtualidad, la FIL ser\u00e1 m\u00e1s amplia, asombrosa, profunda, sorprendente y m\u00e1s conectada\u201d, refiri\u00f3.<br>\u00a0<br>El Presidente de la C\u00e1mara Nacional de Industria Editorial Mexicana (CANIEM), ingeniero Juan Luis Arzos Arbide, comparti\u00f3 que corresponde a todos los amantes de los libros \u201chacer de esta edici\u00f3n una feria inolvidable, pues se podr\u00e1n conectar a cientos de actividades\u201d.<br>\u00a0<br>Quien dio inicio a las actividades de la FIL 34 fue el Gobernador de Jalisco, Enrique Alfaro Ram\u00edrez, quien destac\u00f3 que es obligatorio cuidar a la industria editorial y el ecosistema que se desarrolla alrededor del libro.<br>\u00a0<br>\u201cEl libro es un hogar, nos hace sentir, vibrar y reflexionar, y nos recuerda que no somos poseedores de verdades irrefutables; por eso nos sentimos orgullosos de ser sede de este encuentro internacional\u201d, expres\u00f3.<\/p>\n\n\n\n<p><strong>Galard\u00f3n de las lenguas romances, para la transfigurada L\u00eddia Jorge<\/strong><strong><\/strong><\/p>\n\n\n\n<p><br>El retrato de los seres humanos que se enfrentan a grandes acontecimientos y hacen por sobreponerse a \u00e9stos lo hace la escritora portuguesa&nbsp;<strong>L\u00eddia Jorge<\/strong>&nbsp;mediante sus letras.<br>&nbsp;<br>Durante la ceremonia inaugural de la feria m\u00e1s importante de habla hispana se le homenaje\u00f3 a la originaria de Boliqueime, por ser la merecedora del<strong>&nbsp;Premio FIL de Literatura en Lenguas Romances 2020<\/strong>.<br>&nbsp;<br>\u201cLa literatura es una carta que enviamos a la lejan\u00eda: lejos en el tiempo, lejos en el espacio. A veces, la literatura llega a su destino; a veces, recibimos noticias de regreso\u201d, declar\u00f3.<br>&nbsp;<br>\u201cCuando en Europa se aproximaba el final del verano, la direcci\u00f3n de la FIL acostumbra anunciar en cu\u00e1l de las ocho lenguas romances encontr\u00f3 un imaginario literario digno de ser premiado.&nbsp;<strong>Este a\u00f1o, por cuarta ocasi\u00f3n en 30 a\u00f1os, se eligi\u00f3 a la lengua portuguesa<\/strong>. Y en el destinatario de esta carta, estaba escrito mi nombre\u201d, cont\u00f3 L\u00eddia Jorge.<\/p>\n","protected":false},"excerpt":{"rendered":"<p>Inici\u00f3\u00a0la edici\u00f3n 34 de la Feria Internacional del Libro de Guadalajara (FIL) con el objetivo de que sus actividades virtuales no s\u00f3lo alcancen a un mayor p\u00fablico, sino que represente &hellip; <a href=\"https:\/\/lavereda.com.mx\/index.php\/2020\/11\/29\/inicio-la-edicion-virtual-de-la-feria-internacional-del-libro\/\" class=\"more-link\">Leer m\u00e1s<\/a><\/p>\n","protected":false},"author":1,"featured_media":1007,"comment_status":"open","ping_status":"open","sticky":false,"template":"","format":"standard","meta":{"footnotes":""},"categories":[5,18],"tags":[],"class_list":["post-1006","post","type-post","status-publish","format-standard","has-post-thumbnail","hentry","category-letras-y-libros","category-lomasrelevante","entry"],"_links":{"self":[{"href":"https:\/\/lavereda.com.mx\/index.php\/wp-json\/wp\/v2\/posts\/1006","targetHints":{"allow":["GET"]}}],"collection":[{"href":"https:\/\/lavereda.com.mx\/index.php\/wp-json\/wp\/v2\/posts"}],"about":[{"href":"https:\/\/lavereda.com.mx\/index.php\/wp-json\/wp\/v2\/types\/post"}],"author":[{"embeddable":true,"href":"https:\/\/lavereda.com.mx\/index.php\/wp-json\/wp\/v2\/users\/1"}],"replies":[{"embeddable":true,"href":"https:\/\/lavereda.com.mx\/index.php\/wp-json\/wp\/v2\/comments?post=1006"}],"version-history":[{"count":1,"href":"https:\/\/lavereda.com.mx\/index.php\/wp-json\/wp\/v2\/posts\/1006\/revisions"}],"predecessor-version":[{"id":1008,"href":"https:\/\/lavereda.com.mx\/index.php\/wp-json\/wp\/v2\/posts\/1006\/revisions\/1008"}],"wp:featuredmedia":[{"embeddable":true,"href":"https:\/\/lavereda.com.mx\/index.php\/wp-json\/wp\/v2\/media\/1007"}],"wp:attachment":[{"href":"https:\/\/lavereda.com.mx\/index.php\/wp-json\/wp\/v2\/media?parent=1006"}],"wp:term":[{"taxonomy":"category","embeddable":true,"href":"https:\/\/lavereda.com.mx\/index.php\/wp-json\/wp\/v2\/categories?post=1006"},{"taxonomy":"post_tag","embeddable":true,"href":"https:\/\/lavereda.com.mx\/index.php\/wp-json\/wp\/v2\/tags?post=1006"}],"curies":[{"name":"wp","href":"https:\/\/api.w.org\/{rel}","templated":true}]}}